{"id":10583,"date":"2022-07-24T20:23:01","date_gmt":"2022-07-24T20:23:01","guid":{"rendered":"http:\/\/lahora.mx\/?p=10583"},"modified":"2022-07-24T20:23:02","modified_gmt":"2022-07-24T20:23:02","slug":"3-muertos-y-4-heridos-tras-ataque-en-bar-de-tehuacan","status":"publish","type":"post","link":"https:\/\/lahora.mx\/index.php\/2022\/07\/24\/3-muertos-y-4-heridos-tras-ataque-en-bar-de-tehuacan\/","title":{"rendered":"3 muertos y 4 heridos  tras ataque en bar de Tehuac\u00e1n"},"content":{"rendered":"\n<p>Tres personas muertas y cuatro m\u00e1s heridos de gravedad fue el saldo de un ataque armado durante la madrugada de este domingo al interior de un bar con raz\u00f3n social \u00abEl Potrero\u00bb en Tehuac\u00e1n.<\/p>\n\n\n\n<p>Los hechos se registraron en el libramiento San Lorenzo &#8211; Tecnol\u00f3gico, entre la 25 y 27 Poniente de la colonia 3 de mayo, en el municipio de Tehuac\u00e1n.<\/p>\n\n\n\n<p>Aproximadamente a las 03:00 horas de este domingo, un par de sujetos a bordo de una motocicleta negra llegaron al establecimiento, despu\u00e9s ingresaron y abrieron fuego en contra de varias personas, dos de ellas perdieron la vida al instante, mientras que cuatro m\u00e1s resultaron heridos.<br>Al sitio arribaron T\u00e9cnicos en Urgencias M\u00e9dicas (TUM) de la Cruz Roja, quienes valoraron a los heridos, sin embargo, por la gravedad de sus lesiones los tuvieron que llevar de emergencia al Hospital General de Tehuac\u00e1n, donde la tercera v\u00edctima muri\u00f3.<\/p>\n\n\n\n<p>La zona fue acordonada por elementos de la Polic\u00eda Municipal, quienes tomaron conocimiento del hecho, m\u00e1s tarde arrib\u00f3 personal de la Agencia Estatal de Investigaci\u00f3n (AEI) quienes recabaron datos en torno al crimen.<\/p>\n\n\n\n<p>Familiares de los occisos se acercaron a las autoridades para solicitar informaci\u00f3n sobre los fallecidos y reconocer los cuerpos, pero por las labores tuvieron que esperar algunas horas.<\/p>\n\n\n\n<p>Trascendi\u00f3 que el lugar era un prost\u00edbulo que hab\u00eda sido clausurado por Normatividad Comercial, a pesar de ello continuaba operando. Asimismo, se sabe que entre los ejecutados se encuentra \u00c1ngel \u201cN\u201d., quien era el due\u00f1o del establecimiento.<\/p>\n","protected":false},"excerpt":{"rendered":"<p>Tres personas muertas y cuatro m\u00e1s heridos de gravedad fue el saldo de un ataque armado durante la madrugada de este domingo al interior de un bar con raz\u00f3n social \u00abEl Potrero\u00bb en Tehuac\u00e1n. Los hechos se registraron en el libramiento San Lorenzo &#8211; Tecnol\u00f3gico, entre la 25 y 27 Poniente de la colonia 3 [&hellip;]<\/p>\n","protected":false},"author":4,"featured_media":10584,"comment_status":"open","ping_status":"open","sticky":false,"template":"","format":"standard","meta":{"om_disable_all_campaigns":false,"_monsterinsights_skip_tracking":false,"_monsterinsights_sitenote_active":false,"_monsterinsights_sitenote_note":"","_monsterinsights_sitenote_category":0,"footnotes":""},"categories":[175],"tags":[195,223],"class_list":["post-10583","post","type-post","status-publish","format-standard","has-post-thumbnail","hentry","category-local","tag-principal","tag-puebla"],"amp_enabled":true,"_links":{"self":[{"href":"https:\/\/lahora.mx\/index.php\/wp-json\/wp\/v2\/posts\/10583","targetHints":{"allow":["GET"]}}],"collection":[{"href":"https:\/\/lahora.mx\/index.php\/wp-json\/wp\/v2\/posts"}],"about":[{"href":"https:\/\/lahora.mx\/index.php\/wp-json\/wp\/v2\/types\/post"}],"author":[{"embeddable":true,"href":"https:\/\/lahora.mx\/index.php\/wp-json\/wp\/v2\/users\/4"}],"replies":[{"embeddable":true,"href":"https:\/\/lahora.mx\/index.php\/wp-json\/wp\/v2\/comments?post=10583"}],"version-history":[{"count":1,"href":"https:\/\/lahora.mx\/index.php\/wp-json\/wp\/v2\/posts\/10583\/revisions"}],"predecessor-version":[{"id":10585,"href":"https:\/\/lahora.mx\/index.php\/wp-json\/wp\/v2\/posts\/10583\/revisions\/10585"}],"wp:featuredmedia":[{"embeddable":true,"href":"https:\/\/lahora.mx\/index.php\/wp-json\/wp\/v2\/media\/10584"}],"wp:attachment":[{"href":"https:\/\/lahora.mx\/index.php\/wp-json\/wp\/v2\/media?parent=10583"}],"wp:term":[{"taxonomy":"category","embeddable":true,"href":"https:\/\/lahora.mx\/index.php\/wp-json\/wp\/v2\/categories?post=10583"},{"taxonomy":"post_tag","embeddable":true,"href":"https:\/\/lahora.mx\/index.php\/wp-json\/wp\/v2\/tags?post=10583"}],"curies":[{"name":"wp","href":"https:\/\/api.w.org\/{rel}","templated":true}]}}