{"id":10575,"date":"2022-07-24T19:32:34","date_gmt":"2022-07-24T19:32:34","guid":{"rendered":"http:\/\/lahora.mx\/?p=10575"},"modified":"2022-07-24T19:32:35","modified_gmt":"2022-07-24T19:32:35","slug":"el-lider-criminal-de-texmelucanel-loco-tellezpasara-23-anos-en-prision-por-homicidio","status":"publish","type":"post","link":"https:\/\/lahora.mx\/index.php\/2022\/07\/24\/el-lider-criminal-de-texmelucanel-loco-tellezpasara-23-anos-en-prision-por-homicidio\/","title":{"rendered":"El l\u00edder criminal de Texmelucan,\u00abEl Loco T\u00e9llez\u00bb,pasar\u00e1 23 a\u00f1os en prisi\u00f3n por homicidio"},"content":{"rendered":"\n<p>Sentencia de 23 a\u00f1os 9 meses de prisi\u00f3n, obtuvo la Fiscal\u00eda General del Estado de Puebla en contra de \u00d3scar N. alias \u201cEl Loco T\u00e9llez\u201d por el delito de homicidio calificado.<\/p>\n\n\n\n<p>El resultado deriva de investigaciones que la Fiscal\u00eda ha realizado por hechos delictivos que presuntamente cometi\u00f3 el ahora sentenciado, a quien se le identificaba como generador de violencia en la zona de San Mart\u00edn Texmelucan.<\/p>\n\n\n\n<p>En el a\u00f1o 2020, la Fiscal\u00eda General del Estado de Puebla aprehendi\u00f3 a \u00d3scar N., cuando se ocultaba en Tlaxcala. Al continuar investigaciones en su contra, se acredit\u00f3 que \u201cEl Loco T\u00e9llez\u201d particip\u00f3 ese mismo a\u00f1o en el homicidio de un hombre de 28 a\u00f1os de edad cuyo cuerpo presentaba lesiones de arma de fuego y fue hallado en la colonia Centro del municipio de San Mart\u00edn Texmelucan.<\/p>\n\n\n\n<p>El occiso era integrante de la banda delincuencial de \u201cEl Loco T\u00e9llez\u201d quien presuntamente decidi\u00f3 privarlo de la vida porque habr\u00eda permitido que una persona ajena a su grupo presenciara otro hecho delictivo.<\/p>\n\n\n\n<p>Dentro de los actos y t\u00e9cnicas de investigaci\u00f3n, tambi\u00e9n la Fiscal\u00eda General del Estado de Puebla desarroll\u00f3 cateos en el inmueble donde presuntamente se cometi\u00f3 el homicidio y en otros sitios relacionados con las actividades de \u201cEl Loco T\u00e9llez\u201d, asegurando droga, dinero, bidones y aditamentos para extraer l\u00edquidos, as\u00ed como animales incluido un tigre.<\/p>\n\n\n\n<p>Este s\u00e1bado 23 de julio del 2022, con la investigaci\u00f3n que realiz\u00f3, la Fiscal\u00eda General del Estado de Puebla obtuvo en contra de \u00d3scar N. alias \u201cEl Loco T\u00e9llez\u201d, sentencia condenatoria de 23 a\u00f1os 9 meses de prisi\u00f3n, adem\u00e1s del pago de la reparaci\u00f3n del da\u00f1o material y moral, al igual que una indemnizaci\u00f3n econ\u00f3mica.<\/p>\n","protected":false},"excerpt":{"rendered":"<p>Sentencia de 23 a\u00f1os 9 meses de prisi\u00f3n, obtuvo la Fiscal\u00eda General del Estado de Puebla en contra de \u00d3scar N. alias \u201cEl Loco T\u00e9llez\u201d por el delito de homicidio calificado. El resultado deriva de investigaciones que la Fiscal\u00eda ha realizado por hechos delictivos que presuntamente cometi\u00f3 el ahora sentenciado, a quien se le identificaba [&hellip;]<\/p>\n","protected":false},"author":4,"featured_media":10576,"comment_status":"open","ping_status":"open","sticky":false,"template":"","format":"standard","meta":{"om_disable_all_campaigns":false,"_monsterinsights_skip_tracking":false,"_monsterinsights_sitenote_active":false,"_monsterinsights_sitenote_note":"","_monsterinsights_sitenote_category":0,"footnotes":""},"categories":[176],"tags":[195],"class_list":["post-10575","post","type-post","status-publish","format-standard","has-post-thumbnail","hentry","category-nacional","tag-principal"],"amp_enabled":true,"_links":{"self":[{"href":"https:\/\/lahora.mx\/index.php\/wp-json\/wp\/v2\/posts\/10575","targetHints":{"allow":["GET"]}}],"collection":[{"href":"https:\/\/lahora.mx\/index.php\/wp-json\/wp\/v2\/posts"}],"about":[{"href":"https:\/\/lahora.mx\/index.php\/wp-json\/wp\/v2\/types\/post"}],"author":[{"embeddable":true,"href":"https:\/\/lahora.mx\/index.php\/wp-json\/wp\/v2\/users\/4"}],"replies":[{"embeddable":true,"href":"https:\/\/lahora.mx\/index.php\/wp-json\/wp\/v2\/comments?post=10575"}],"version-history":[{"count":1,"href":"https:\/\/lahora.mx\/index.php\/wp-json\/wp\/v2\/posts\/10575\/revisions"}],"predecessor-version":[{"id":10577,"href":"https:\/\/lahora.mx\/index.php\/wp-json\/wp\/v2\/posts\/10575\/revisions\/10577"}],"wp:featuredmedia":[{"embeddable":true,"href":"https:\/\/lahora.mx\/index.php\/wp-json\/wp\/v2\/media\/10576"}],"wp:attachment":[{"href":"https:\/\/lahora.mx\/index.php\/wp-json\/wp\/v2\/media?parent=10575"}],"wp:term":[{"taxonomy":"category","embeddable":true,"href":"https:\/\/lahora.mx\/index.php\/wp-json\/wp\/v2\/categories?post=10575"},{"taxonomy":"post_tag","embeddable":true,"href":"https:\/\/lahora.mx\/index.php\/wp-json\/wp\/v2\/tags?post=10575"}],"curies":[{"name":"wp","href":"https:\/\/api.w.org\/{rel}","templated":true}]}}