{"id":10566,"date":"2022-07-24T17:15:55","date_gmt":"2022-07-24T17:15:55","guid":{"rendered":"http:\/\/lahora.mx\/?p=10566"},"modified":"2022-07-24T17:15:55","modified_gmt":"2022-07-24T17:15:55","slug":"papa-francisco-parte-a-canada-para-hacer-frente-a-abusos-contra-indigenas","status":"publish","type":"post","link":"https:\/\/lahora.mx\/index.php\/2022\/07\/24\/papa-francisco-parte-a-canada-para-hacer-frente-a-abusos-contra-indigenas\/","title":{"rendered":"Papa Francisco parte a Canad\u00e1 para hacer frente a abusos contra ind\u00edgenas"},"content":{"rendered":"\n<p>El papa Francisco parti\u00f3 este domingo rumbo a Canad\u00e1 para una visita de seis d\u00edas durante la cual se espera que pida perd\u00f3n a los ind\u00edgenas sobrevivientes de abusos cometidos en internados dirigidas por la Iglesia cat\u00f3lica.<br><\/p>\n\n\n\n<p>El avi\u00f3n del Papa despeg\u00f3 de Roma poco despu\u00e9s de las 09H00 locales (07H00 GMT).<\/p>\n\n\n\n<p>En silla de ruedas, el sumo pont\u00edfice argentino de 85 a\u00f1os, que sufre de su rodilla derecha, tuvo que utilizar una plataforma elevadora para subir a bordo, seg\u00fan un periodista de la AFP que lo acompa\u00f1a.<\/p>\n\n\n\n<p>La \u00abperegrinaci\u00f3n penitencial\u00bb, como la describi\u00f3 el pont\u00edfice, se considera un paso importante para abordar el esc\u00e1ndalo mundial del abuso sexual a ni\u00f1os por parte del clero y d\u00e9cadas de encubrimiento.<\/p>\n\n\n\n<p>Antes de su partida, Francisco envi\u00f3 un mensaje en Twitter en ingl\u00e9s y franc\u00e9s a sus \u00abqueridos hermanos y hermanas de Canad\u00e1\u00bb.<br><\/p>\n\n\n\n<p>El pont\u00edfice planea reiterar las disculpas presentadas a las delegaciones canadienses que visitaron el Vaticano en abril.<\/p>\n\n\n\n<p>Es importante para las comunidades ind\u00edgenas que el pedido de perd\u00f3n se formule en suelo canadiense, ya que la tierra de sus antepasados es de particular importancia para ellas.<\/p>\n\n\n\n<p>El descubrimiento desde el a\u00f1o pasado de cientos de restos de ni\u00f1os ind\u00edgenas en tumbas an\u00f3nimas en el sitio de las escuelas p\u00fablicas administradas por la Iglesia cat\u00f3lica oblig\u00f3 a Canad\u00e1 a enfrentar su fallida pol\u00edtica de asimilaci\u00f3n forzada.<\/p>\n\n\n\n<p>De manera similar, puso de relieve el papel de la Iglesia en lo que una comisi\u00f3n nacional de verdad y reconciliaci\u00f3n ha llamado \u00abgenocidio cultural\u00bb.<\/p>\n\n\n\n<p>Alrededor de 150 mil ni\u00f1os de las Primeras Naciones, Metis e Inuit se matricularon desde finales del siglo XIX hasta la d\u00e9cada de 1990 en 139 escuelas residenciales, donde pasaron meses o a\u00f1os aislados de sus familias, su idioma y su cultura.<br><\/p>\n\n\n\n<p>El martes, el l\u00edder espiritual de los mil 300 millones de cat\u00f3licos del mundo celebrar\u00e1 una misa en un estadio con capacidad para 60 mil personas en Edmonton antes de dirigirse al noroeste, hacia Lac Sainte Anne, sitio de una importante peregrinaci\u00f3n anual.<\/p>\n\n\n\n<p>Luego viajar\u00e1 a la ciudad de Quebec, donde se reunir\u00e1 con el primer ministro Justin Trudeau y celebrar\u00e1 una misa en la Bas\u00edlica de Sainte-Anne-de-Beaupre, un santuario nacional que atrae a m\u00e1s de un mill\u00f3n de peregrinos cada a\u00f1o.<\/p>\n\n\n\n<p>El viernes, el pont\u00edfice viajar\u00e1 a Iqaluit, hogar del mayor n\u00famero de inuit del pa\u00eds, donde se reunir\u00e1 con antiguos alumnos de la escuela residencial, antes de volver a Roma.<\/p>\n\n\n\n<p>\u00bfDevoluci\u00f3n?<\/p>\n\n\n\n<p>Queda por ver si, en un gesto de buena voluntad, el Papa devuelve objetos ind\u00edgenas que actualmente se encuentran en los Museos Vaticanos.<\/p>\n\n\n\n<p>Los grupos ind\u00edgenas dicen que estos objetos culturalmente valiosos deber\u00edan ser repatriados a sus comunidades a pesar de las afirmaciones del Vaticano de que fueron obsequiados a los papas en el pasado.<\/p>\n\n\n\n<p>Durante su viaje, Francisco recorrer\u00e1 20 mil kil\u00f3metros a pesar de sufrir unos dolores en la rodilla derecha que le han obligado en los \u00faltimos meses a depender de un bast\u00f3n o una silla de ruedas para trasladarse.<\/p>\n\n\n\n<p>En junio, el Vaticano pospuso indefinidamente una visita a \u00c1frica que hab\u00eda sido programada para este mes de julio.<\/p>\n\n\n\n<p>Francisco es el segundo papa que visita Canad\u00e1, despu\u00e9s de Juan Pablo II, que lo visit\u00f3 tres veces (1984, 1987 y 2002).<\/p>\n","protected":false},"excerpt":{"rendered":"<p>El papa Francisco parti\u00f3 este domingo rumbo a Canad\u00e1 para una visita de seis d\u00edas durante la cual se espera que pida perd\u00f3n a los ind\u00edgenas sobrevivientes de abusos cometidos en internados dirigidas por la Iglesia cat\u00f3lica. El avi\u00f3n del Papa despeg\u00f3 de Roma poco despu\u00e9s de las 09H00 locales (07H00 GMT). En silla de [&hellip;]<\/p>\n","protected":false},"author":4,"featured_media":10567,"comment_status":"open","ping_status":"open","sticky":false,"template":"","format":"standard","meta":{"om_disable_all_campaigns":false,"_monsterinsights_skip_tracking":false,"_monsterinsights_sitenote_active":false,"_monsterinsights_sitenote_note":"","_monsterinsights_sitenote_category":0,"footnotes":""},"categories":[183],"tags":[],"class_list":["post-10566","post","type-post","status-publish","format-standard","has-post-thumbnail","hentry","category-internacional"],"amp_enabled":true,"_links":{"self":[{"href":"https:\/\/lahora.mx\/index.php\/wp-json\/wp\/v2\/posts\/10566","targetHints":{"allow":["GET"]}}],"collection":[{"href":"https:\/\/lahora.mx\/index.php\/wp-json\/wp\/v2\/posts"}],"about":[{"href":"https:\/\/lahora.mx\/index.php\/wp-json\/wp\/v2\/types\/post"}],"author":[{"embeddable":true,"href":"https:\/\/lahora.mx\/index.php\/wp-json\/wp\/v2\/users\/4"}],"replies":[{"embeddable":true,"href":"https:\/\/lahora.mx\/index.php\/wp-json\/wp\/v2\/comments?post=10566"}],"version-history":[{"count":1,"href":"https:\/\/lahora.mx\/index.php\/wp-json\/wp\/v2\/posts\/10566\/revisions"}],"predecessor-version":[{"id":10568,"href":"https:\/\/lahora.mx\/index.php\/wp-json\/wp\/v2\/posts\/10566\/revisions\/10568"}],"wp:featuredmedia":[{"embeddable":true,"href":"https:\/\/lahora.mx\/index.php\/wp-json\/wp\/v2\/media\/10567"}],"wp:attachment":[{"href":"https:\/\/lahora.mx\/index.php\/wp-json\/wp\/v2\/media?parent=10566"}],"wp:term":[{"taxonomy":"category","embeddable":true,"href":"https:\/\/lahora.mx\/index.php\/wp-json\/wp\/v2\/categories?post=10566"},{"taxonomy":"post_tag","embeddable":true,"href":"https:\/\/lahora.mx\/index.php\/wp-json\/wp\/v2\/tags?post=10566"}],"curies":[{"name":"wp","href":"https:\/\/api.w.org\/{rel}","templated":true}]}}