{"id":10563,"date":"2022-07-24T17:12:54","date_gmt":"2022-07-24T17:12:54","guid":{"rendered":"http:\/\/lahora.mx\/?p=10563"},"modified":"2022-07-24T17:12:55","modified_gmt":"2022-07-24T17:12:55","slug":"checo-deja-ir-el-podio-en-francia","status":"publish","type":"post","link":"https:\/\/lahora.mx\/index.php\/2022\/07\/24\/checo-deja-ir-el-podio-en-francia\/","title":{"rendered":"\u2018Checo\u2019 deja ir el podio en Francia,"},"content":{"rendered":"\n<p>El neerland\u00e9s Max Verstappen (Red Bull) fue el ganador este domingo en el Gran Premio de Francia, por delante de los Mercedes de Lewis Hamilton (2\u00ba) y George Russell (3\u00ba), con lo que se escapa todav\u00eda m\u00e1s como l\u00edder del Mundial de F\u00f3rmula 1.<\/p>\n\n\n\n<p>El monegasco Charles Leclerc (Ferrari), segundo en la general del Mundial y que hab\u00eda comenzado desde la &#8216;pole position&#8217;, abandon\u00f3 tras una salida de pista en la 18\u00aa vuelta, cuando iba en cabeza de la carrera. Queda ahora relegado a 63 puntos del l\u00edder Verstappen.<\/p>\n","protected":false},"excerpt":{"rendered":"<p>El neerland\u00e9s Max Verstappen (Red Bull) fue el ganador este domingo en el Gran Premio de Francia, por delante de los Mercedes de Lewis Hamilton (2\u00ba) y George Russell (3\u00ba), con lo que se escapa todav\u00eda m\u00e1s como l\u00edder del Mundial de F\u00f3rmula 1. El monegasco Charles Leclerc (Ferrari), segundo en la general del Mundial [&hellip;]<\/p>\n","protected":false},"author":4,"featured_media":10564,"comment_status":"open","ping_status":"open","sticky":false,"template":"","format":"standard","meta":{"om_disable_all_campaigns":false,"_monsterinsights_skip_tracking":false,"_monsterinsights_sitenote_active":false,"_monsterinsights_sitenote_note":"","_monsterinsights_sitenote_category":0,"footnotes":""},"categories":[6],"tags":[142],"class_list":["post-10563","post","type-post","status-publish","format-standard","has-post-thumbnail","hentry","category-sports","tag-sports"],"amp_enabled":true,"_links":{"self":[{"href":"https:\/\/lahora.mx\/index.php\/wp-json\/wp\/v2\/posts\/10563","targetHints":{"allow":["GET"]}}],"collection":[{"href":"https:\/\/lahora.mx\/index.php\/wp-json\/wp\/v2\/posts"}],"about":[{"href":"https:\/\/lahora.mx\/index.php\/wp-json\/wp\/v2\/types\/post"}],"author":[{"embeddable":true,"href":"https:\/\/lahora.mx\/index.php\/wp-json\/wp\/v2\/users\/4"}],"replies":[{"embeddable":true,"href":"https:\/\/lahora.mx\/index.php\/wp-json\/wp\/v2\/comments?post=10563"}],"version-history":[{"count":1,"href":"https:\/\/lahora.mx\/index.php\/wp-json\/wp\/v2\/posts\/10563\/revisions"}],"predecessor-version":[{"id":10565,"href":"https:\/\/lahora.mx\/index.php\/wp-json\/wp\/v2\/posts\/10563\/revisions\/10565"}],"wp:featuredmedia":[{"embeddable":true,"href":"https:\/\/lahora.mx\/index.php\/wp-json\/wp\/v2\/media\/10564"}],"wp:attachment":[{"href":"https:\/\/lahora.mx\/index.php\/wp-json\/wp\/v2\/media?parent=10563"}],"wp:term":[{"taxonomy":"category","embeddable":true,"href":"https:\/\/lahora.mx\/index.php\/wp-json\/wp\/v2\/categories?post=10563"},{"taxonomy":"post_tag","embeddable":true,"href":"https:\/\/lahora.mx\/index.php\/wp-json\/wp\/v2\/tags?post=10563"}],"curies":[{"name":"wp","href":"https:\/\/api.w.org\/{rel}","templated":true}]}}