{"id":10560,"date":"2022-07-24T17:07:39","date_gmt":"2022-07-24T17:07:39","guid":{"rendered":"http:\/\/lahora.mx\/?p=10560"},"modified":"2022-07-24T17:07:40","modified_gmt":"2022-07-24T17:07:40","slug":"se-realizaran-mejoras-en-55-estancias-infantiles-de-puebla-capital-en-agosto","status":"publish","type":"post","link":"https:\/\/lahora.mx\/index.php\/2022\/07\/24\/se-realizaran-mejoras-en-55-estancias-infantiles-de-puebla-capital-en-agosto\/","title":{"rendered":"Se  realizaran mejoras en 55 estancias infantiles de Puebla capital, en agosto"},"content":{"rendered":"\n<p>El Ayuntamiento de Puebla realizar\u00e1 el mejoramiento de 55 estancias infantiles para contar con espacios dignos y brindar una mejor atenci\u00f3n a los ni\u00f1os del municipio.<\/p>\n\n\n\n<p>Para ese objetivo lanz\u00f3 la licitaci\u00f3n p\u00fablica nacional CMA-SBPC-P-ERP-36\/2022 emitida por el Comit\u00e9 Municipal de Adjudicaciones, cuyo fallo ser\u00e1 dado a conocer el pr\u00f3ximo 9 de agosto del presente a\u00f1o.<\/p>\n\n\n\n<p>En el documento se detalla que el prestador del servicio deber\u00e1 atender 55 estancias infantiles en 10 semanas, es decir, los trabajos durar\u00e1n dos meses y medio a partir de agosto.<br>El servicio consta de dos etapas, pues 28 estancias ser\u00e1n intervenidas en agosto y las otras 27 en septiembre.<\/p>\n\n\n\n<p>La empresa encargada de los trabajos deber\u00e1 revisar las bajadas de agua pluvial que desahogan en muros para verificar que no est\u00e9 roto o presente filtraciones, provocando humedades tanto en interiores como exteriores y en su caso hacer la debida reparaci\u00f3n.<\/p>\n\n\n\n<p>Deber\u00e1 realizar el suministro y la aplicaci\u00f3n de pintura vin\u00edlica color blanco mate, lavable, ideal para exteriores, y de 1 metro cuadrado de rendimiento por litro, sobre 3329 metros cuadrados de muros y plafones de exteriores sobre acabado serroteado y fino de cemento.<\/p>\n\n\n\n<p><br>En total, ser\u00e1n intervenidos 3 mil 329 metros cuadrados de interior, 20 mil 612 metros cuadrados del exterior, as\u00ed como 6 mil 389 metros cuadrados de impermeabilizante.<\/p>\n\n\n\n<p>Entre las estancias intervenidas se encuentran: Instituto de Palafox y Mendoza, Mi amiga la Tierra, Las Ardillitas, Aprendiendo a Vivir, Casita de los Peques, Mundo de los Ni\u00f1os, Por un Mundo Feliz, Las Horas Felices, Pasitos Firmes, San Francisco, Mundo M\u00e1gico Zoe, Mi Primer Garabato, solo por mencionar algunas.<\/p>\n\n\n\n<p>A trav\u00e9s del programa \u00abEstancias Infantiles\u00bb el gobierno de la ciudad ha regularizado un total de 23, a las que se les entrega apoyos de 7 mil pesos y se les da un 60 por ciento de descuento para cubrir los tr\u00e1mites.<\/p>\n\n\n\n<p>Para finales de julio habr\u00e1 51 Estancias Infantiles regularizadas, pues la meta es llegar a 70 en el mes de octubre.<\/p>\n","protected":false},"excerpt":{"rendered":"<p>El Ayuntamiento de Puebla realizar\u00e1 el mejoramiento de 55 estancias infantiles para contar con espacios dignos y brindar una mejor atenci\u00f3n a los ni\u00f1os del municipio. Para ese objetivo lanz\u00f3 la licitaci\u00f3n p\u00fablica nacional CMA-SBPC-P-ERP-36\/2022 emitida por el Comit\u00e9 Municipal de Adjudicaciones, cuyo fallo ser\u00e1 dado a conocer el pr\u00f3ximo 9 de agosto del presente [&hellip;]<\/p>\n","protected":false},"author":4,"featured_media":10561,"comment_status":"open","ping_status":"open","sticky":false,"template":"","format":"standard","meta":{"om_disable_all_campaigns":false,"_monsterinsights_skip_tracking":false,"_monsterinsights_sitenote_active":false,"_monsterinsights_sitenote_note":"","_monsterinsights_sitenote_category":0,"footnotes":""},"categories":[175],"tags":[223],"class_list":["post-10560","post","type-post","status-publish","format-standard","has-post-thumbnail","hentry","category-local","tag-puebla"],"amp_enabled":true,"_links":{"self":[{"href":"https:\/\/lahora.mx\/index.php\/wp-json\/wp\/v2\/posts\/10560","targetHints":{"allow":["GET"]}}],"collection":[{"href":"https:\/\/lahora.mx\/index.php\/wp-json\/wp\/v2\/posts"}],"about":[{"href":"https:\/\/lahora.mx\/index.php\/wp-json\/wp\/v2\/types\/post"}],"author":[{"embeddable":true,"href":"https:\/\/lahora.mx\/index.php\/wp-json\/wp\/v2\/users\/4"}],"replies":[{"embeddable":true,"href":"https:\/\/lahora.mx\/index.php\/wp-json\/wp\/v2\/comments?post=10560"}],"version-history":[{"count":1,"href":"https:\/\/lahora.mx\/index.php\/wp-json\/wp\/v2\/posts\/10560\/revisions"}],"predecessor-version":[{"id":10562,"href":"https:\/\/lahora.mx\/index.php\/wp-json\/wp\/v2\/posts\/10560\/revisions\/10562"}],"wp:featuredmedia":[{"embeddable":true,"href":"https:\/\/lahora.mx\/index.php\/wp-json\/wp\/v2\/media\/10561"}],"wp:attachment":[{"href":"https:\/\/lahora.mx\/index.php\/wp-json\/wp\/v2\/media?parent=10560"}],"wp:term":[{"taxonomy":"category","embeddable":true,"href":"https:\/\/lahora.mx\/index.php\/wp-json\/wp\/v2\/categories?post=10560"},{"taxonomy":"post_tag","embeddable":true,"href":"https:\/\/lahora.mx\/index.php\/wp-json\/wp\/v2\/tags?post=10560"}],"curies":[{"name":"wp","href":"https:\/\/api.w.org\/{rel}","templated":true}]}}