{"id":10531,"date":"2022-07-23T20:18:10","date_gmt":"2022-07-23T20:18:10","guid":{"rendered":"http:\/\/lahora.mx\/?p=10531"},"modified":"2022-07-23T20:18:11","modified_gmt":"2022-07-23T20:18:11","slug":"en-el-concierto-la-musica-un-aliento-para-el-alma-se-recaudo-tonelada-y-media-de-comestibles-a-beneficio-del-banco-de-alimentos","status":"publish","type":"post","link":"https:\/\/lahora.mx\/index.php\/2022\/07\/23\/en-el-concierto-la-musica-un-aliento-para-el-alma-se-recaudo-tonelada-y-media-de-comestibles-a-beneficio-del-banco-de-alimentos\/","title":{"rendered":"En el concierto \u00abLa m\u00fasica, un aliento para el alma\u00bb se recaud\u00f3 tonelada y media de comestibles a beneficio del banco de alimentos"},"content":{"rendered":"\n<p>La solidaridad y la melod\u00eda, se combinaron en una noche con causa para deleitar a poblanas y poblanos con el concierto \u201cLa M\u00fasica, un Alimento para el Alma\u201d de la soprano Elisa \u00c1valos Mart\u00ednez, organizado por la Coordinaci\u00f3n de las Regidur\u00edas a beneficio del Banco de Alimentos, C\u00e1ritas Puebla.<\/p>\n\n\n\n<p>En su mensaje de bienvenida, Jos\u00e9 Carlos Montiel Solana, Coordinador de las Regidur\u00edas, agradeci\u00f3 el apoyo de la ciudadan\u00eda, representantes empresariales, servidores p\u00fablicos, as\u00ed como titulares de dependencias, para sumar esfuerzos en la lucha contra la desnutrici\u00f3n y pobreza alimentaria, ya que a trav\u00e9s de sus donativos se logr\u00f3 recaudar tonelada y media de arroz y frijol.<\/p>\n\n\n\n<p>Elisa \u00c1valos Mart\u00ednez deleit\u00f3 por aproximadamente 90 minutos a cerca de 230 poblanas y poblanos de la mano del violinista Omar Ruiz Garc\u00eda y el pianista, Andr\u00e9s Rivera, con temas cl\u00e1sicos de la m\u00fasica mexicana, boleros y piezas tradicionales de la cultura popular para dar un recorrido por diferentes \u00e9pocas a los espectadores.<br>&nbsp;<br>En tanto, Jos\u00e9 Miguel Rojas V\u00e9rtiz Berm\u00fadez, Director General del Banco de Alimentos C\u00e1ritas Puebla, agradeci\u00f3 la generosidad de las y los regidores para apoyar nobles causa y asegur\u00f3 que este donativo ser\u00e1 de mucha ayuda para las familia poblanas.<\/p>\n\n\n\n<p>Como muestra de agradecimiento y aprecio por su talento que sum\u00f3 a esta gran causa, a nombre de Eduardo Rivera P\u00e9rez, Presidente Municipal, se entregaron reconocimientos a Elisa \u00c1valos, Omar Garc\u00eda y Andr\u00e9s Rivera por parte de regidores integrantes del Cuerpo Edilicio.<\/p>\n\n\n\n<p>En el evento estuvieron presentes representantes del Banco Arquidiocesano de Alimentos de Bogot\u00e1, as\u00ed como el Director Ejecutivo de la Instituci\u00f3n, el Padre Daniel Saldarriga Molina.<\/p>\n","protected":false},"excerpt":{"rendered":"<p>La solidaridad y la melod\u00eda, se combinaron en una noche con causa para deleitar a poblanas y poblanos con el concierto \u201cLa M\u00fasica, un Alimento para el Alma\u201d de la soprano Elisa \u00c1valos Mart\u00ednez, organizado por la Coordinaci\u00f3n de las Regidur\u00edas a beneficio del Banco de Alimentos, C\u00e1ritas Puebla. En su mensaje de bienvenida, Jos\u00e9 [&hellip;]<\/p>\n","protected":false},"author":4,"featured_media":10532,"comment_status":"open","ping_status":"open","sticky":false,"template":"","format":"standard","meta":{"om_disable_all_campaigns":false,"_monsterinsights_skip_tracking":false,"_monsterinsights_sitenote_active":false,"_monsterinsights_sitenote_note":"","_monsterinsights_sitenote_category":0,"footnotes":""},"categories":[175],"tags":[223],"class_list":["post-10531","post","type-post","status-publish","format-standard","has-post-thumbnail","hentry","category-local","tag-puebla"],"amp_enabled":true,"_links":{"self":[{"href":"https:\/\/lahora.mx\/index.php\/wp-json\/wp\/v2\/posts\/10531","targetHints":{"allow":["GET"]}}],"collection":[{"href":"https:\/\/lahora.mx\/index.php\/wp-json\/wp\/v2\/posts"}],"about":[{"href":"https:\/\/lahora.mx\/index.php\/wp-json\/wp\/v2\/types\/post"}],"author":[{"embeddable":true,"href":"https:\/\/lahora.mx\/index.php\/wp-json\/wp\/v2\/users\/4"}],"replies":[{"embeddable":true,"href":"https:\/\/lahora.mx\/index.php\/wp-json\/wp\/v2\/comments?post=10531"}],"version-history":[{"count":1,"href":"https:\/\/lahora.mx\/index.php\/wp-json\/wp\/v2\/posts\/10531\/revisions"}],"predecessor-version":[{"id":10533,"href":"https:\/\/lahora.mx\/index.php\/wp-json\/wp\/v2\/posts\/10531\/revisions\/10533"}],"wp:featuredmedia":[{"embeddable":true,"href":"https:\/\/lahora.mx\/index.php\/wp-json\/wp\/v2\/media\/10532"}],"wp:attachment":[{"href":"https:\/\/lahora.mx\/index.php\/wp-json\/wp\/v2\/media?parent=10531"}],"wp:term":[{"taxonomy":"category","embeddable":true,"href":"https:\/\/lahora.mx\/index.php\/wp-json\/wp\/v2\/categories?post=10531"},{"taxonomy":"post_tag","embeddable":true,"href":"https:\/\/lahora.mx\/index.php\/wp-json\/wp\/v2\/tags?post=10531"}],"curies":[{"name":"wp","href":"https:\/\/api.w.org\/{rel}","templated":true}]}}