{"id":10525,"date":"2022-07-23T17:59:54","date_gmt":"2022-07-23T17:59:54","guid":{"rendered":"http:\/\/lahora.mx\/?p=10525"},"modified":"2022-07-23T17:59:55","modified_gmt":"2022-07-23T17:59:55","slug":"checo-perez-se-posiciona-en-tercero-en-la-calificacion-en-francia-leclerc-pole","status":"publish","type":"post","link":"https:\/\/lahora.mx\/index.php\/2022\/07\/23\/checo-perez-se-posiciona-en-tercero-en-la-calificacion-en-francia-leclerc-pole\/","title":{"rendered":"\u00abCheco\u00bb P\u00e9rez se posiciona en tercero en la calificaci\u00f3n en Francia; Leclerc, \u2018pole\u2019"},"content":{"rendered":"\n<p>Sergio Checo P\u00e9rez tuvo buenas sensaciones en la calificaci\u00f3n del Gran Premio de Francia de la F1 al finalizar en la tercera posici\u00f3n, mientras que Max Verstappen fue segundo y Charles Leclerc obtuvo la \u2018pole position\u2019 en el circuito Paul Ricard, en Le Castellet.<\/p>\n\n\n\n<p>Todos los pilotos arrancaron la calificaci\u00f3n con neum\u00e1ticos suaves.<\/p>\n\n\n\n<p>En el trancurso de la qualy, el mexicano fue acortando distancias con respecto al tiempo de su coequipero; en la tercera pr\u00e1ctica qued\u00f3 a +1.021.<br><\/p>\n\n\n\n<p>En la Q1 marc\u00f3 1:32.354 y 1:32.120 en la Q2<\/p>\n\n\n\n<p>En la Q3, el mexicano marc\u00f3 el primer tiempo con 1:31.640.<\/p>\n\n\n\n<p>Despu\u00e9s, Verstappen y Charles Leclerc volvieron a protagonizar una dura batalla por la \u2018pole\u2019, donde el piloto de Ferrari mejor\u00f3 el tiempo (1:31.209) y dej\u00f3 al holand\u00e9s a tan solo ocho mil\u00e9simas de \u00e9l.<\/p>\n\n\n\n<p>Todo se defini\u00f3 en la \u00faltima, donde Leclerc mejor\u00f3 el registro con 1:30.872, seguido de Verstappen a +0.304.<\/p>\n\n\n\n<p>El tapat\u00edo finaliz\u00f3 tercero a +0.463, seguido de Lewis Hamilton. Lando Norris complet\u00f3 el \u201ctop cinco\u201d.<\/p>\n","protected":false},"excerpt":{"rendered":"<p>Sergio Checo P\u00e9rez tuvo buenas sensaciones en la calificaci\u00f3n del Gran Premio de Francia de la F1 al finalizar en la tercera posici\u00f3n, mientras que Max Verstappen fue segundo y Charles Leclerc obtuvo la \u2018pole position\u2019 en el circuito Paul Ricard, en Le Castellet. Todos los pilotos arrancaron la calificaci\u00f3n con neum\u00e1ticos suaves. En el [&hellip;]<\/p>\n","protected":false},"author":4,"featured_media":10526,"comment_status":"open","ping_status":"open","sticky":false,"template":"","format":"standard","meta":{"om_disable_all_campaigns":false,"_monsterinsights_skip_tracking":false,"_monsterinsights_sitenote_active":false,"_monsterinsights_sitenote_note":"","_monsterinsights_sitenote_category":0,"footnotes":""},"categories":[6],"tags":[142],"class_list":["post-10525","post","type-post","status-publish","format-standard","has-post-thumbnail","hentry","category-sports","tag-sports"],"amp_enabled":true,"_links":{"self":[{"href":"https:\/\/lahora.mx\/index.php\/wp-json\/wp\/v2\/posts\/10525","targetHints":{"allow":["GET"]}}],"collection":[{"href":"https:\/\/lahora.mx\/index.php\/wp-json\/wp\/v2\/posts"}],"about":[{"href":"https:\/\/lahora.mx\/index.php\/wp-json\/wp\/v2\/types\/post"}],"author":[{"embeddable":true,"href":"https:\/\/lahora.mx\/index.php\/wp-json\/wp\/v2\/users\/4"}],"replies":[{"embeddable":true,"href":"https:\/\/lahora.mx\/index.php\/wp-json\/wp\/v2\/comments?post=10525"}],"version-history":[{"count":1,"href":"https:\/\/lahora.mx\/index.php\/wp-json\/wp\/v2\/posts\/10525\/revisions"}],"predecessor-version":[{"id":10527,"href":"https:\/\/lahora.mx\/index.php\/wp-json\/wp\/v2\/posts\/10525\/revisions\/10527"}],"wp:featuredmedia":[{"embeddable":true,"href":"https:\/\/lahora.mx\/index.php\/wp-json\/wp\/v2\/media\/10526"}],"wp:attachment":[{"href":"https:\/\/lahora.mx\/index.php\/wp-json\/wp\/v2\/media?parent=10525"}],"wp:term":[{"taxonomy":"category","embeddable":true,"href":"https:\/\/lahora.mx\/index.php\/wp-json\/wp\/v2\/categories?post=10525"},{"taxonomy":"post_tag","embeddable":true,"href":"https:\/\/lahora.mx\/index.php\/wp-json\/wp\/v2\/tags?post=10525"}],"curies":[{"name":"wp","href":"https:\/\/api.w.org\/{rel}","templated":true}]}}