{"id":10522,"date":"2022-07-23T17:42:13","date_gmt":"2022-07-23T17:42:13","guid":{"rendered":"http:\/\/lahora.mx\/?p=10522"},"modified":"2022-07-23T17:42:14","modified_gmt":"2022-07-23T17:42:14","slug":"se-declara-brote-de-viruela-del-mono-como-emergencia-internacional-oms","status":"publish","type":"post","link":"https:\/\/lahora.mx\/index.php\/2022\/07\/23\/se-declara-brote-de-viruela-del-mono-como-emergencia-internacional-oms\/","title":{"rendered":"Se declara brote de viruela del mono como emergencia internacional: OMS"},"content":{"rendered":"\n<p>La Organizaci\u00f3n Mundial de la Salud (OMS) dice que brote de viruela del mono en m\u00e1s de 70 pa\u00edses es ahora una emergencia global.<\/p>\n\n\n\n<p>Antes se inform\u00f3 que el comit\u00e9 de la OMS ha votado 6 \u00abS\u00ed\u00bb y 8 \u00abNo\u00bb para declarar a la viruela del mono una emergencia mundial de salud p\u00fablica.<br><\/p>\n\n\n\n<p>Aunque la viruela del mono se ha establecido en partes de \u00c1frica central y occidental durante d\u00e9cadas, no se sab\u00eda que provocara grandes brotes m\u00e1s all\u00e1 del continente o que se propagara ampliamente entre las personas hasta mayo, cuando las autoridades detectaron docenas de epidemias en Europa, Am\u00e9rica del Norte y otros lugares.<\/p>\n\n\n\n<p>Declarar una emergencia global significa que el brote de viruela s\u00edmica es un \u00abevento extraordinario\u00bb que podr\u00eda extenderse a m\u00e1s pa\u00edses y requiere una respuesta global coordinada. La OMS declar\u00f3 previamente emergencias por crisis de salud p\u00fablica como la pandemia de Covid-19, el brote de \u00e9bola en \u00c1frica occidental de 2014, el virus Zika en Am\u00e9rica Latina en 2016 y el esfuerzo en curso para erradicar la poliomielitis.<br>La declaraci\u00f3n de emergencia sirve principalmente como una s\u00faplica para atraer m\u00e1s recursos globales y atenci\u00f3n a un brote.<\/p>\n\n\n\n<p>Los anuncios anteriores tuvieron un impacto mixto, dado que la agencia de salud de la ONU es en gran medida incapaz de lograr que los pa\u00edses act\u00faen.<\/p>\n","protected":false},"excerpt":{"rendered":"<p>La Organizaci\u00f3n Mundial de la Salud (OMS) dice que brote de viruela del mono en m\u00e1s de 70 pa\u00edses es ahora una emergencia global. Antes se inform\u00f3 que el comit\u00e9 de la OMS ha votado 6 \u00abS\u00ed\u00bb y 8 \u00abNo\u00bb para declarar a la viruela del mono una emergencia mundial de salud p\u00fablica. Aunque la [&hellip;]<\/p>\n","protected":false},"author":4,"featured_media":10523,"comment_status":"open","ping_status":"open","sticky":false,"template":"","format":"standard","meta":{"om_disable_all_campaigns":false,"_monsterinsights_skip_tracking":false,"_monsterinsights_sitenote_active":false,"_monsterinsights_sitenote_note":"","_monsterinsights_sitenote_category":0,"footnotes":""},"categories":[183],"tags":[],"class_list":["post-10522","post","type-post","status-publish","format-standard","has-post-thumbnail","hentry","category-internacional"],"amp_enabled":true,"_links":{"self":[{"href":"https:\/\/lahora.mx\/index.php\/wp-json\/wp\/v2\/posts\/10522","targetHints":{"allow":["GET"]}}],"collection":[{"href":"https:\/\/lahora.mx\/index.php\/wp-json\/wp\/v2\/posts"}],"about":[{"href":"https:\/\/lahora.mx\/index.php\/wp-json\/wp\/v2\/types\/post"}],"author":[{"embeddable":true,"href":"https:\/\/lahora.mx\/index.php\/wp-json\/wp\/v2\/users\/4"}],"replies":[{"embeddable":true,"href":"https:\/\/lahora.mx\/index.php\/wp-json\/wp\/v2\/comments?post=10522"}],"version-history":[{"count":1,"href":"https:\/\/lahora.mx\/index.php\/wp-json\/wp\/v2\/posts\/10522\/revisions"}],"predecessor-version":[{"id":10524,"href":"https:\/\/lahora.mx\/index.php\/wp-json\/wp\/v2\/posts\/10522\/revisions\/10524"}],"wp:featuredmedia":[{"embeddable":true,"href":"https:\/\/lahora.mx\/index.php\/wp-json\/wp\/v2\/media\/10523"}],"wp:attachment":[{"href":"https:\/\/lahora.mx\/index.php\/wp-json\/wp\/v2\/media?parent=10522"}],"wp:term":[{"taxonomy":"category","embeddable":true,"href":"https:\/\/lahora.mx\/index.php\/wp-json\/wp\/v2\/categories?post=10522"},{"taxonomy":"post_tag","embeddable":true,"href":"https:\/\/lahora.mx\/index.php\/wp-json\/wp\/v2\/tags?post=10522"}],"curies":[{"name":"wp","href":"https:\/\/api.w.org\/{rel}","templated":true}]}}