{"id":1051,"date":"2021-12-30T02:19:13","date_gmt":"2021-12-30T02:19:13","guid":{"rendered":"http:\/\/lahora.mx\/?p=1051"},"modified":"2021-12-30T15:03:33","modified_gmt":"2021-12-30T15:03:33","slug":"se-nombran-a-titulares-de-la-secretaria-particular-de-presidencia-subsecretaria-de-movilidad-y-las-direcciones-de-proteccion-civil-prevencion-y-regulacion-y-turismo","status":"publish","type":"post","link":"https:\/\/lahora.mx\/index.php\/2021\/12\/30\/se-nombran-a-titulares-de-la-secretaria-particular-de-presidencia-subsecretaria-de-movilidad-y-las-direcciones-de-proteccion-civil-prevencion-y-regulacion-y-turismo\/","title":{"rendered":"Tras 10 a\u00f1os en protecci\u00f3n civil, Gustavo Ariza es relevado del cargo"},"content":{"rendered":"<p>Luego de publicarse en la Gaceta Municipal la aprobaci\u00f3n de la Estructura Org\u00e1nica para la Administraci\u00f3n P\u00fablica Municipal 2021-2024, el Presidente Municipal, Eduardo Rivera P\u00e9rez, ha designado a los nuevos titulares de las siguientes \u00e1reas: Secretar\u00eda Particular de Presidencia, Subsecretar\u00eda de Movilidad y las direcciones de Protecci\u00f3n Civil, Prevenci\u00f3n y Regulaci\u00f3n y Turismo.<br \/>\nLa Mtra. Celia Bonaga Ru\u00edz ocupar\u00e1 la titularidad de la Secretar\u00eda Particular de Presidencia; cuenta con una maestr\u00eda en Ciencias Pol\u00edticas, con experiencia en trabajos en entornos din\u00e1micos, as\u00ed como en la planificaci\u00f3n y desarrollo de planes de trabajo en el sector p\u00fablico tanto en el Ayuntamiento de Puebla como en el Congreso del Estado.<br \/>\nEn el caso de la subsecretar\u00eda de Movilidad se ha nombrado a Norma Rub\u00ed V\u00e1zquez Cruz, quien es Licenciada en Urbanismo y Dise\u00f1o Ambiental y dentro de su experiencia laboral se ha desempe\u00f1ado como directora de Planeaci\u00f3n y Proyectos de la Semovi, adem\u00e1s de encargada de despacho de la misma dependencia y Coordinadora de Transporte Motorizado en la BUAP.<\/p>\n<p>La Secretar\u00eda de Protecci\u00f3n Civil y Gesti\u00f3n Integral de Riesgos se incorporar\u00e1 en su \u00e1rea operativa a la Secretar\u00eda de Seguridad Ciudadana, mediante la Direcci\u00f3n Municipal de Protecci\u00f3n Civil, y el \u00e1rea normativa a la Secretar\u00eda de Gesti\u00f3n y Desarrollo Urbano, a trav\u00e9s de la Direcci\u00f3n de Prevenci\u00f3n y Regulaci\u00f3n.<br \/>\nPor ello, se ha designado a Gilberto Gonz\u00e1lez Labastida como Director de Protecci\u00f3n Civil, quien es T\u00e9cnico en Urgencias M\u00e9dicas nivel intermedio por el S.O.S., es Instructor de Buceo en B\u00fasqueda y Recuperaci\u00f3n; adem\u00e1s cuenta con un M\u00e1ster en Gesti\u00f3n Estrat\u00e9gica de Riesgos, siendo Egresado del XIII Programa Internacional de Formaci\u00f3n, Actualizaci\u00f3n y Perfeccionamiento en Gesti\u00f3n de Crisis y Emergencias. La Direcci\u00f3n Municipal Protecci\u00f3n Civil albergar\u00e1 a los grupos Rel\u00e1mpagos y Vulcanos, as\u00ed como las unidades de Rescate Urbano y Respuesta Inmediata.<br \/>\nDe manera paralela, se ha designado a Jos\u00e9 Luis Mena Blanco como director del \u00e1rea Prevenci\u00f3n y Regulaci\u00f3n, quien es Maestro en Administraci\u00f3n de Calidad en la Gesti\u00f3n P\u00fablica Local y se ha desempe\u00f1ado como Jefe de Apoyo y Restablecimiento, as\u00ed como director de Prevenci\u00f3n y Regulaci\u00f3n en la Secretar\u00eda de Protecci\u00f3n Civil. La direcci\u00f3n a su cargo ser\u00e1 la responsable de la elaboraci\u00f3n de tr\u00e1mites y vigilancia de la normativa en materia de protecci\u00f3n civil.<\/p>\n<p>Por \u00faltimo, en la direcci\u00f3n de Turismo la titular ser\u00e1 Paulina Cabrera P\u00e9rez, quien ven\u00eda desempe\u00f1ando el puesto de encargada de despacho de la Secretar\u00eda de Turismo, la cual se incorporar\u00e1 a partir de enero a la Secretar\u00eda de Econom\u00eda y Turismo. Cabrera P\u00e9rez cuenta con estudios acad\u00e9micos en Derecho y una maestr\u00eda en Administraci\u00f3n P\u00fablica y experiencia en el sector p\u00fablico y privado.<\/p>\n<p>El Alcalde Rivera P\u00e9rez ha instruido enf\u00e1ticamente a cada uno de los designados a trabajar con honestidad y eficiencia dentro del gobierno de la ciudad; con estas incorporaciones queda completo en su totalidad el equipo de la administraci\u00f3n municipal para poner en marcha la reingenier\u00eda del Ayuntamiento a partir del primer d\u00eda del pr\u00f3ximo a\u00f1o en beneficio de la ciudadan\u00eda.<\/p>\n","protected":false},"excerpt":{"rendered":"<p>Luego de publicarse en la Gaceta Municipal la aprobaci\u00f3n de la Estructura Org\u00e1nica para la Administraci\u00f3n P\u00fablica Municipal 2021-2024, el Presidente Municipal, Eduardo Rivera P\u00e9rez, ha designado a los nuevos titulares de las siguientes \u00e1reas: Secretar\u00eda Particular de Presidencia, Subsecretar\u00eda de Movilidad y las direcciones de Protecci\u00f3n Civil, Prevenci\u00f3n y Regulaci\u00f3n y Turismo. La Mtra. [&hellip;]<\/p>\n","protected":false},"author":4,"featured_media":1064,"comment_status":"open","ping_status":"open","sticky":false,"template":"","format":"standard","meta":{"om_disable_all_campaigns":false,"_monsterinsights_skip_tracking":false,"_monsterinsights_sitenote_active":false,"_monsterinsights_sitenote_note":"","_monsterinsights_sitenote_category":0,"footnotes":""},"categories":[175],"tags":[195],"class_list":["post-1051","post","type-post","status-publish","format-standard","has-post-thumbnail","hentry","category-local","tag-principal"],"amp_enabled":true,"_links":{"self":[{"href":"https:\/\/lahora.mx\/index.php\/wp-json\/wp\/v2\/posts\/1051","targetHints":{"allow":["GET"]}}],"collection":[{"href":"https:\/\/lahora.mx\/index.php\/wp-json\/wp\/v2\/posts"}],"about":[{"href":"https:\/\/lahora.mx\/index.php\/wp-json\/wp\/v2\/types\/post"}],"author":[{"embeddable":true,"href":"https:\/\/lahora.mx\/index.php\/wp-json\/wp\/v2\/users\/4"}],"replies":[{"embeddable":true,"href":"https:\/\/lahora.mx\/index.php\/wp-json\/wp\/v2\/comments?post=1051"}],"version-history":[{"count":3,"href":"https:\/\/lahora.mx\/index.php\/wp-json\/wp\/v2\/posts\/1051\/revisions"}],"predecessor-version":[{"id":1071,"href":"https:\/\/lahora.mx\/index.php\/wp-json\/wp\/v2\/posts\/1051\/revisions\/1071"}],"wp:featuredmedia":[{"embeddable":true,"href":"https:\/\/lahora.mx\/index.php\/wp-json\/wp\/v2\/media\/1064"}],"wp:attachment":[{"href":"https:\/\/lahora.mx\/index.php\/wp-json\/wp\/v2\/media?parent=1051"}],"wp:term":[{"taxonomy":"category","embeddable":true,"href":"https:\/\/lahora.mx\/index.php\/wp-json\/wp\/v2\/categories?post=1051"},{"taxonomy":"post_tag","embeddable":true,"href":"https:\/\/lahora.mx\/index.php\/wp-json\/wp\/v2\/tags?post=1051"}],"curies":[{"name":"wp","href":"https:\/\/api.w.org\/{rel}","templated":true}]}}