{"id":10507,"date":"2022-07-22T22:28:25","date_gmt":"2022-07-22T22:28:25","guid":{"rendered":"http:\/\/lahora.mx\/?p=10507"},"modified":"2022-07-22T22:28:26","modified_gmt":"2022-07-22T22:28:26","slug":"ganancias-por-243-mil-mdd-en-twitter-tras-el-primer-semestre-de-2022","status":"publish","type":"post","link":"https:\/\/lahora.mx\/index.php\/2022\/07\/22\/ganancias-por-243-mil-mdd-en-twitter-tras-el-primer-semestre-de-2022\/","title":{"rendered":"Ganancias por 243 mil mdd en Twitter tras el primer semestre de 2022"},"content":{"rendered":"\n<p>Twitter gan\u00f3 unos 243,3 millones de d\u00f3lares en el primer semestre de 2022, un 82 % m\u00e1s que los 133,7 millones de d\u00f3lares registrados en el mismo periodo de 2021, pese a registrar unas p\u00e9rdidas de 270 millones de d\u00f3lares durante el segundo trimestre del a\u00f1o.<\/p>\n\n\n\n<p>Seg\u00fan anunci\u00f3 este viernes, la empresa tecnol\u00f3gica estadounidense factur\u00f3 2.377,6 millones de d\u00f3lares entre enero y junio de 2022, un 6,8 % m\u00e1s, pese a que sus ingresos descendieron un 1,16 % en el segundo trimestre hasta los 1.176,7 millones de d\u00f3lares.<\/p>\n\n\n\n<p>La publicaci\u00f3n de estos resultados llega despu\u00e9s de largos meses de disputas entre la empresa y el magnate Elon Musk, y cuando un tribunal especializado en disputas comerciales de Estados Unidos decidi\u00f3 que el juicio en el que se dirimir\u00e1 su litigio se celebre el pr\u00f3ximo octubre y dure cinco d\u00edas.<\/p>\n\n\n\n<p>Twitter denunci\u00f3 a Elon Musk ante la Corte con sede en Wilmington (Delaware, EE. UU.) para forzarle a comprar la empresa, despu\u00e9s de que \u00e9l notificara su intenci\u00f3n de romper el acuerdo anunciado el pasado abril por 44.000 millones de d\u00f3lares.<\/p>\n\n\n\n<p>\u00abA la luz de la adquisici\u00f3n pendiente por parte de una entidad afiliada a Elon Musk, Twitter no realizar\u00e1 una conferencia telef\u00f3nica de ganancias para sus resultados del segundo trimestre de 2022\u00bb, anunci\u00f3 la red social en un comunicado.<\/p>\n\n\n\n<p>Los resultados se publicaron antes de la apertura de la Bolsa de Nueva York y tras el anuncio de los datos del primer semestre las acciones del Twitter perd\u00edan un 0,20 % en el premercado.<\/p>\n","protected":false},"excerpt":{"rendered":"<p>Twitter gan\u00f3 unos 243,3 millones de d\u00f3lares en el primer semestre de 2022, un 82 % m\u00e1s que los 133,7 millones de d\u00f3lares registrados en el mismo periodo de 2021, pese a registrar unas p\u00e9rdidas de 270 millones de d\u00f3lares durante el segundo trimestre del a\u00f1o. Seg\u00fan anunci\u00f3 este viernes, la empresa tecnol\u00f3gica estadounidense factur\u00f3 [&hellip;]<\/p>\n","protected":false},"author":4,"featured_media":10508,"comment_status":"open","ping_status":"open","sticky":false,"template":"","format":"standard","meta":{"om_disable_all_campaigns":false,"_monsterinsights_skip_tracking":false,"_monsterinsights_sitenote_active":false,"_monsterinsights_sitenote_note":"","_monsterinsights_sitenote_category":0,"footnotes":""},"categories":[7,183],"tags":[150],"class_list":["post-10507","post","type-post","status-publish","format-standard","has-post-thumbnail","hentry","category-geek","category-internacional","tag-tech"],"amp_enabled":true,"_links":{"self":[{"href":"https:\/\/lahora.mx\/index.php\/wp-json\/wp\/v2\/posts\/10507","targetHints":{"allow":["GET"]}}],"collection":[{"href":"https:\/\/lahora.mx\/index.php\/wp-json\/wp\/v2\/posts"}],"about":[{"href":"https:\/\/lahora.mx\/index.php\/wp-json\/wp\/v2\/types\/post"}],"author":[{"embeddable":true,"href":"https:\/\/lahora.mx\/index.php\/wp-json\/wp\/v2\/users\/4"}],"replies":[{"embeddable":true,"href":"https:\/\/lahora.mx\/index.php\/wp-json\/wp\/v2\/comments?post=10507"}],"version-history":[{"count":1,"href":"https:\/\/lahora.mx\/index.php\/wp-json\/wp\/v2\/posts\/10507\/revisions"}],"predecessor-version":[{"id":10509,"href":"https:\/\/lahora.mx\/index.php\/wp-json\/wp\/v2\/posts\/10507\/revisions\/10509"}],"wp:featuredmedia":[{"embeddable":true,"href":"https:\/\/lahora.mx\/index.php\/wp-json\/wp\/v2\/media\/10508"}],"wp:attachment":[{"href":"https:\/\/lahora.mx\/index.php\/wp-json\/wp\/v2\/media?parent=10507"}],"wp:term":[{"taxonomy":"category","embeddable":true,"href":"https:\/\/lahora.mx\/index.php\/wp-json\/wp\/v2\/categories?post=10507"},{"taxonomy":"post_tag","embeddable":true,"href":"https:\/\/lahora.mx\/index.php\/wp-json\/wp\/v2\/tags?post=10507"}],"curies":[{"name":"wp","href":"https:\/\/api.w.org\/{rel}","templated":true}]}}