{"id":10495,"date":"2022-07-22T21:39:56","date_gmt":"2022-07-22T21:39:56","guid":{"rendered":"http:\/\/lahora.mx\/?p=10495"},"modified":"2022-07-22T21:39:57","modified_gmt":"2022-07-22T21:39:57","slug":"se-pintaran-las-fachadas-del-centro-de-puebla","status":"publish","type":"post","link":"https:\/\/lahora.mx\/index.php\/2022\/07\/22\/se-pintaran-las-fachadas-del-centro-de-puebla\/","title":{"rendered":"Se pintar\u00e1n las fachadas del centro de Puebla"},"content":{"rendered":"\n<p>Para contribuir a la preservaci\u00f3n del paisaje urbano de Puebla, este viernes se present\u00f3 el cat\u00e1logo de colores con el cual deber\u00e1n pintarse las fachadas del Centro Hist\u00f3rico y la zona de monumentos.<\/p>\n\n\n\n<p>El Centro INAH Puebla y la Gerencia del Centro Hist\u00f3rico y Patrimonio Cultural presentaron el \u201cCat\u00e1logo de Color. Fachadas del Centro Hist\u00f3rico de la Ciudad de Puebla\u201d, una gu\u00eda digital que brinda los pasos necesarios para pintar los inmuebles.<\/p>\n\n\n\n<p>Esta gu\u00eda integra el procedimiento y los tr\u00e1mites a seguir para que propietarios puedan intervenir sus fachadas, y expone la gama de colores autorizados que pueden aplicarse, conforme a la \u00e9poca de construcci\u00f3n de cada inmueble.<\/p>\n\n\n\n<p>\u201cLa armon\u00eda crom\u00e1tica nos permite separar, clasificar y distinguir los edificios de diferentes \u00e9pocas\u201d, expres\u00f3 Manuel Villaruel V\u00e1zquez, director del Centro del Instituto Nacional de Antropolog\u00eda e Historia (INAH) en Puebla<\/p>\n\n\n\n<p>El cat\u00e1logo est\u00e1 dividido en dos paletas:<\/p>\n\n\n\n<ul class=\"wp-block-list\"><li>Una para mostrar los colores base que deben aplicarse en los inmuebles del siglo XVI, XVII y XVIII encabezada por el rojo \u00f3xido, el amarillo ocre y el azul a\u00f1il.<\/li><li>Y otra, por el caf\u00e9, verde olivo y gris, para mostrar los tonos con los que se puede dar mantenimiento a la carpinter\u00eda y herrer\u00eda de los inmuebles.<\/li><\/ul>\n\n\n\n<p>Los colores que conforman el cat\u00e1logo est\u00e1n estandarizados bajo el sistema Pantone, el cual es un lenguaje universal que ayuda a garantizar la reproducci\u00f3n exacta de los colores, pues para Berenice Vidal Castel\u00e1n, gerente del Centro Hist\u00f3rico y Patrimonio Cultural, resulta fundamental impulsar el rescate de los valores y atributos arquitect\u00f3nicos que hacen de Puebla un referente patrimonial, los cuales se representan a trav\u00e9s de la fusi\u00f3n crom\u00e1tica con otros elementos como la cantera, las argamasas y la talavera<\/p>\n","protected":false},"excerpt":{"rendered":"<p>Para contribuir a la preservaci\u00f3n del paisaje urbano de Puebla, este viernes se present\u00f3 el cat\u00e1logo de colores con el cual deber\u00e1n pintarse las fachadas del Centro Hist\u00f3rico y la zona de monumentos. El Centro INAH Puebla y la Gerencia del Centro Hist\u00f3rico y Patrimonio Cultural presentaron el \u201cCat\u00e1logo de Color. Fachadas del Centro Hist\u00f3rico [&hellip;]<\/p>\n","protected":false},"author":4,"featured_media":10496,"comment_status":"open","ping_status":"open","sticky":false,"template":"","format":"standard","meta":{"om_disable_all_campaigns":false,"_monsterinsights_skip_tracking":false,"_monsterinsights_sitenote_active":false,"_monsterinsights_sitenote_note":"","_monsterinsights_sitenote_category":0,"footnotes":""},"categories":[175],"tags":[195,223],"class_list":["post-10495","post","type-post","status-publish","format-standard","has-post-thumbnail","hentry","category-local","tag-principal","tag-puebla"],"amp_enabled":true,"_links":{"self":[{"href":"https:\/\/lahora.mx\/index.php\/wp-json\/wp\/v2\/posts\/10495","targetHints":{"allow":["GET"]}}],"collection":[{"href":"https:\/\/lahora.mx\/index.php\/wp-json\/wp\/v2\/posts"}],"about":[{"href":"https:\/\/lahora.mx\/index.php\/wp-json\/wp\/v2\/types\/post"}],"author":[{"embeddable":true,"href":"https:\/\/lahora.mx\/index.php\/wp-json\/wp\/v2\/users\/4"}],"replies":[{"embeddable":true,"href":"https:\/\/lahora.mx\/index.php\/wp-json\/wp\/v2\/comments?post=10495"}],"version-history":[{"count":1,"href":"https:\/\/lahora.mx\/index.php\/wp-json\/wp\/v2\/posts\/10495\/revisions"}],"predecessor-version":[{"id":10497,"href":"https:\/\/lahora.mx\/index.php\/wp-json\/wp\/v2\/posts\/10495\/revisions\/10497"}],"wp:featuredmedia":[{"embeddable":true,"href":"https:\/\/lahora.mx\/index.php\/wp-json\/wp\/v2\/media\/10496"}],"wp:attachment":[{"href":"https:\/\/lahora.mx\/index.php\/wp-json\/wp\/v2\/media?parent=10495"}],"wp:term":[{"taxonomy":"category","embeddable":true,"href":"https:\/\/lahora.mx\/index.php\/wp-json\/wp\/v2\/categories?post=10495"},{"taxonomy":"post_tag","embeddable":true,"href":"https:\/\/lahora.mx\/index.php\/wp-json\/wp\/v2\/tags?post=10495"}],"curies":[{"name":"wp","href":"https:\/\/api.w.org\/{rel}","templated":true}]}}