{"id":10485,"date":"2022-07-22T17:06:41","date_gmt":"2022-07-22T17:06:41","guid":{"rendered":"http:\/\/lahora.mx\/?p=10485"},"modified":"2022-07-22T17:06:42","modified_gmt":"2022-07-22T17:06:42","slug":"aumenta-8-la-inflacion-en-la-primera-quincena-de-julio","status":"publish","type":"post","link":"https:\/\/lahora.mx\/index.php\/2022\/07\/22\/aumenta-8-la-inflacion-en-la-primera-quincena-de-julio\/","title":{"rendered":"Aumenta 8%  la inflaci\u00f3n en la primera quincena de julio"},"content":{"rendered":"\n<p>Pese a todos los esfuerzos por contener el encarecimiento de los precios, la inflaci\u00f3n no logra ceder. Durante la primera quincena de julio del 2022, la tasa de inflaci\u00f3n interanual trep\u00f3 hasta 8.16%, un nuevo m\u00e1ximo no visto en dos d\u00e9cadas.<\/p>\n\n\n\n<p>Los alimentos y los energ\u00e9ticos son los rubros que presionan con mayor fuerza al \u00cdndice Nacional de Precios al Consumidor (INPC), que en s\u00f3lo una quincena aument\u00f3 0.43%, de acuerdo con cifras del Inegi.<\/p>\n\n\n\n<p>En su interior, el componente no subyacente (que contiene a los productos agropecuarios, los energ\u00e9ticos y las tarifas autorizadas por el gobierno) registr\u00f3 una tasa de inflaci\u00f3n interanual de 9.96 por ciento.<\/p>\n\n\n\n<p>Por su parte, el componente subyacente (que engloba los alimentos procesados, bebidas, tabaco, mercanc\u00edas y servicios) present\u00f3 una tasa de 7.65 por ciento.<\/p>\n\n\n\n<p>Se observ\u00f3 que los servicios relacionados con el turismo tambi\u00e9n incrementaron significativamente su nivel de precios, lo que podr\u00eda haber incidido estacionalmente en la tendencia de la tasa de inflaci\u00f3n. El encarecimiento de los paquetes de turismo, y vuelos podr\u00eda explicarse con la crisis por escasez de personal en aeropuertos y aerol\u00edneas, el rebrote de Covid-19 y la temporada vacacional de verano.<\/p>\n\n\n\n<p>Con este resultado M\u00e9xico liga poco mas de un a\u00f1o con niveles inflacionarios fuera del objetivo establecido por el Banco de M\u00e9xico (3% +\/- un punto porcentual) y una tendencia clara de aceleraci\u00f3n generalizada de los precios, pese al endurecimiento de la pol\u00edtica monetaria mediante las alzas en la tasa de inter\u00e9s.<\/p>\n\n\n\n<p>Entre los alimentos que se encarecieron de manera pronunciada en esta quincena se encuentran la papa (6.82%), el huevo (6.28%), la naranja (6.04%), la cebolla (5.93%), los refrescos envasados (0.66%), los restaurantes (0.51%) y las loncher\u00edas y fondas (0.43 por ciento).<\/p>\n\n\n\n<p>Por su parte, la electricidad registr\u00f3 un encarecimiento de 1.38% solo de la \u00faltima quincena de junio a la primera de julio.<\/p>\n\n\n\n<p>El transporte a\u00e9reo registr\u00f3 un incremento en su nivel de precios de 6.03% durante este lapso, mientras que los servicios tur\u00edsticos en paquete registraron un alza de 4.44 por ciento.<\/p>\n\n\n\n<p>Canasta b\u00e1sica m\u00e1s cara que nunca<br>Durante la primera quincena de julio del 2022, los bienes y servicios que conforman la cesta de consumo m\u00ednimo en M\u00e9xico registraron una tasa de inflaci\u00f3n de 8.86%, reflejando que lo que m\u00e1s se ha encarecido es lo m\u00e1s necesario para la vida.<\/p>\n\n\n\n<p>Este nivel de inflaci\u00f3n es significativamente m\u00e1s alto que la tasa general y contin\u00faa registrando nuevos niveles m\u00e1ximos en m\u00e1s de 20 a\u00f1os.<\/p>\n\n\n\n<p>Los analistas e instituciones proyectan que la la tendencia acelerada en las tasas de inflaci\u00f3n en M\u00e9xico y el resto del mundo seguir\u00e1 presionando la econom\u00eda, al menos, hasta 2023.<\/p>\n\n\n\n<p>Las pol\u00edticas p\u00fablicas deber\u00e1n acompa\u00f1ar la pol\u00edtica monetaria para esquivar un impacto regresivo que termine en un incremento de la pobreza moderada y extrema y un ensanchamiento de las brechas de desigualdad social, que son ya muy amplias.<\/p>\n","protected":false},"excerpt":{"rendered":"<p>Pese a todos los esfuerzos por contener el encarecimiento de los precios, la inflaci\u00f3n no logra ceder. Durante la primera quincena de julio del 2022, la tasa de inflaci\u00f3n interanual trep\u00f3 hasta 8.16%, un nuevo m\u00e1ximo no visto en dos d\u00e9cadas. Los alimentos y los energ\u00e9ticos son los rubros que presionan con mayor fuerza al [&hellip;]<\/p>\n","protected":false},"author":4,"featured_media":10486,"comment_status":"open","ping_status":"open","sticky":false,"template":"","format":"standard","meta":{"om_disable_all_campaigns":false,"_monsterinsights_skip_tracking":false,"_monsterinsights_sitenote_active":false,"_monsterinsights_sitenote_note":"","_monsterinsights_sitenote_category":0,"footnotes":""},"categories":[175],"tags":[195,223],"class_list":["post-10485","post","type-post","status-publish","format-standard","has-post-thumbnail","hentry","category-local","tag-principal","tag-puebla"],"amp_enabled":true,"_links":{"self":[{"href":"https:\/\/lahora.mx\/index.php\/wp-json\/wp\/v2\/posts\/10485","targetHints":{"allow":["GET"]}}],"collection":[{"href":"https:\/\/lahora.mx\/index.php\/wp-json\/wp\/v2\/posts"}],"about":[{"href":"https:\/\/lahora.mx\/index.php\/wp-json\/wp\/v2\/types\/post"}],"author":[{"embeddable":true,"href":"https:\/\/lahora.mx\/index.php\/wp-json\/wp\/v2\/users\/4"}],"replies":[{"embeddable":true,"href":"https:\/\/lahora.mx\/index.php\/wp-json\/wp\/v2\/comments?post=10485"}],"version-history":[{"count":1,"href":"https:\/\/lahora.mx\/index.php\/wp-json\/wp\/v2\/posts\/10485\/revisions"}],"predecessor-version":[{"id":10487,"href":"https:\/\/lahora.mx\/index.php\/wp-json\/wp\/v2\/posts\/10485\/revisions\/10487"}],"wp:featuredmedia":[{"embeddable":true,"href":"https:\/\/lahora.mx\/index.php\/wp-json\/wp\/v2\/media\/10486"}],"wp:attachment":[{"href":"https:\/\/lahora.mx\/index.php\/wp-json\/wp\/v2\/media?parent=10485"}],"wp:term":[{"taxonomy":"category","embeddable":true,"href":"https:\/\/lahora.mx\/index.php\/wp-json\/wp\/v2\/categories?post=10485"},{"taxonomy":"post_tag","embeddable":true,"href":"https:\/\/lahora.mx\/index.php\/wp-json\/wp\/v2\/tags?post=10485"}],"curies":[{"name":"wp","href":"https:\/\/api.w.org\/{rel}","templated":true}]}}