{"id":10441,"date":"2022-07-22T01:11:11","date_gmt":"2022-07-22T01:11:11","guid":{"rendered":"http:\/\/lahora.mx\/?p=10441"},"modified":"2022-07-22T01:11:12","modified_gmt":"2022-07-22T01:11:12","slug":"un-conserje-agrede-sexualmente-a-nina-de-siete-anos-ya-se-investiga-el-caso","status":"publish","type":"post","link":"https:\/\/lahora.mx\/index.php\/2022\/07\/22\/un-conserje-agrede-sexualmente-a-nina-de-siete-anos-ya-se-investiga-el-caso\/","title":{"rendered":"Un conserje agrede sexualmente a ni\u00f1a de siete a\u00f1os ya se investiga el caso"},"content":{"rendered":"\n<p>Un conserje agredi\u00f3 sexualmente a una menor de siete a\u00f1os de la escuela primaria Juan C. Bonilla, ubicada en el municipio de San Pedro Cholula.<\/p>\n\n\n\n<p>Es por ello que la SEP Puebla dio a conocer en un comunicado que ha iniciado la investigaci\u00f3n correspondiente para deslindar responsabilidades, adem\u00e1s de lo siguiente:<\/p>\n\n\n\n<p>La directora del plantel separ\u00f3 de su cargo al trabajador se\u00f1alado por realizar actos inadecuados, esto con base en las \u201cAcciones de Prevenci\u00f3n, Detecci\u00f3n y Actuaci\u00f3n en casos de Abuso Sexual Infantil, Acoso y Maltrato Escolar en Instituciones Oficiales y Particulares\u201d.<\/p>\n\n\n\n<p>La dependencia ratifica su funci\u00f3n de generar condiciones favorables dirigidas a la construcci\u00f3n de entornos escolares seguros para las y los aprendientes.<\/p>\n\n\n\n<p>De acuerdo a los hechos, \u00e9stos se registraron en el mes de abril cuando la ni\u00f1a acudi\u00f3 al ba\u00f1o y el conserje le dijo que no pod\u00eda pasar porque era el ba\u00f1o de ni\u00f1as, a lo que la v\u00edctima contest\u00f3 que era mujer.<\/p>\n\n\n\n<p>Fue en ese momento en que el sujeto le dijo, a ver, y le meti\u00f3 la mano debajo de la playera, por lo que la ni\u00f1a sali\u00f3 corriendo del sitio.<\/p>\n\n\n\n<p>Tras reportarse el incidente a la directora dijo que se iniciar\u00eda el proceso correspondiente y que despedir\u00eda al hombre, lo cual no sucedi\u00f3.<\/p>\n\n\n\n<p>Pasaron los meses y finalmente la misma responsable del plantel dijo a los pap\u00e1s que el conserje de apellido Macuil regresar\u00eda a trabajar, que lo que pas\u00f3 no hab\u00eda sido \u00abnada grave\u00bb y que no lo pod\u00eda correr porque es sindicalizado y no ten\u00eda dinero para contratar a alguien m\u00e1s<br><\/p>\n","protected":false},"excerpt":{"rendered":"<p>Un conserje agredi\u00f3 sexualmente a una menor de siete a\u00f1os de la escuela primaria Juan C. Bonilla, ubicada en el municipio de San Pedro Cholula. Es por ello que la SEP Puebla dio a conocer en un comunicado que ha iniciado la investigaci\u00f3n correspondiente para deslindar responsabilidades, adem\u00e1s de lo siguiente: La directora del plantel [&hellip;]<\/p>\n","protected":false},"author":4,"featured_media":10442,"comment_status":"open","ping_status":"open","sticky":false,"template":"","format":"standard","meta":{"om_disable_all_campaigns":false,"_monsterinsights_skip_tracking":false,"_monsterinsights_sitenote_active":false,"_monsterinsights_sitenote_note":"","_monsterinsights_sitenote_category":0,"footnotes":""},"categories":[175],"tags":[223],"class_list":["post-10441","post","type-post","status-publish","format-standard","has-post-thumbnail","hentry","category-local","tag-puebla"],"amp_enabled":true,"_links":{"self":[{"href":"https:\/\/lahora.mx\/index.php\/wp-json\/wp\/v2\/posts\/10441","targetHints":{"allow":["GET"]}}],"collection":[{"href":"https:\/\/lahora.mx\/index.php\/wp-json\/wp\/v2\/posts"}],"about":[{"href":"https:\/\/lahora.mx\/index.php\/wp-json\/wp\/v2\/types\/post"}],"author":[{"embeddable":true,"href":"https:\/\/lahora.mx\/index.php\/wp-json\/wp\/v2\/users\/4"}],"replies":[{"embeddable":true,"href":"https:\/\/lahora.mx\/index.php\/wp-json\/wp\/v2\/comments?post=10441"}],"version-history":[{"count":1,"href":"https:\/\/lahora.mx\/index.php\/wp-json\/wp\/v2\/posts\/10441\/revisions"}],"predecessor-version":[{"id":10443,"href":"https:\/\/lahora.mx\/index.php\/wp-json\/wp\/v2\/posts\/10441\/revisions\/10443"}],"wp:featuredmedia":[{"embeddable":true,"href":"https:\/\/lahora.mx\/index.php\/wp-json\/wp\/v2\/media\/10442"}],"wp:attachment":[{"href":"https:\/\/lahora.mx\/index.php\/wp-json\/wp\/v2\/media?parent=10441"}],"wp:term":[{"taxonomy":"category","embeddable":true,"href":"https:\/\/lahora.mx\/index.php\/wp-json\/wp\/v2\/categories?post=10441"},{"taxonomy":"post_tag","embeddable":true,"href":"https:\/\/lahora.mx\/index.php\/wp-json\/wp\/v2\/tags?post=10441"}],"curies":[{"name":"wp","href":"https:\/\/api.w.org\/{rel}","templated":true}]}}