{"id":10433,"date":"2022-07-22T00:54:01","date_gmt":"2022-07-22T00:54:01","guid":{"rendered":"http:\/\/lahora.mx\/?p=10433"},"modified":"2022-07-22T00:54:01","modified_gmt":"2022-07-22T00:54:01","slug":"barbosa-habla-sobre-el-conserje-que-acoso-a-menor-en-primaria-de-cholula-es-ofensivo-e-indignante","status":"publish","type":"post","link":"https:\/\/lahora.mx\/index.php\/2022\/07\/22\/barbosa-habla-sobre-el-conserje-que-acoso-a-menor-en-primaria-de-cholula-es-ofensivo-e-indignante\/","title":{"rendered":"Barbosa habla sobre el conserje que acoso a menor en primaria de Cholula; es \u201cOfensivo\u201d e \u201cindignante\u201d"},"content":{"rendered":"\n<p>\u201cOfensivo\u201d e \u201cindignante\u201d es como el gobernador Miguel Barbosa Huerta calific\u00f3 el presunto acoso que un conserje de la primaria General Juan Cris\u00f3stomo Bonilla, en San Pedro Cholula, cometi\u00f3 contra una menor de siete a\u00f1os de edad. Asimismo, orden\u00f3 a la Secretar\u00eda de Educaci\u00f3n P\u00fablica (SEP) que d\u00e9 soluci\u00f3n inmediata en este caso: \u00a1Pero que act\u00fae! Que no tarde una investigaci\u00f3n de un a\u00f1o\u201d.<\/p>\n\n\n\n<p>Tal como dio a conocer esta casa editorial en d\u00edas pasados, la madre de la peque\u00f1a v\u00edctima denunci\u00f3 que en abril pasado el intendente del colegio le \u201calz\u00f3\u201d la camisa, mientras ella se dirig\u00eda a usar el sanitario. Pese a que la mujer denunci\u00f3 al trabajador, la respuesta de la directora fue que el susodicho era sindicalizado, por lo que argument\u00f3 que \u201caunque quisiera\u201d, no pod\u00eda despedirlo.<\/p>\n\n\n\n<p>Ante ese contexto, el mandatario poblano lament\u00f3 lo ocurrido y critic\u00f3 la reacci\u00f3n de la dirigente de la instituci\u00f3n, pues dijo, ning\u00fan empleado sea sindicalizado o no, se encuentra exento de ser despedido ante conductas impropias.<br><\/p>\n\n\n\n<p>\u201cLe digo a la directora con mucho respeto, que [si] una persona sindicalizada comete una falta que alcance como consecuencia la recesi\u00f3n laboral, se va. Es una idea de los que est\u00e1n sindicalizados de que no se les toca a pesar de lo que hagan, no es cierto (\u2026) Seguramente ella [ser\u00e1] una gran l\u00edder sindical, por eso piensa que (\u2026) pueden hacer lo que quieran. No, no es as\u00ed\u201d, asever\u00f3.<\/p>\n\n\n\n<p>Por esa raz\u00f3n, orden\u00f3 a la SEP, que es dirigida por Melit\u00f3n Lozano P\u00e9rez, que tome cartas en el asunto de forma inmediata, pues dej\u00f3 entrever que la dependencia suele tomar tiempos prolongados para la soluci\u00f3n de conflictos.<\/p>\n\n\n\n<p>\u201cYo le pido a la Secretar\u00eda de Educaci\u00f3n P\u00fablica, tome conocimiento de este hecho \u00a1en este momento! \u00a1Pero que act\u00fae!, que no tarde una investigaci\u00f3n de un a\u00f1o. Y si encuentra en materia, que rescinde el contrato, la relaci\u00f3n laboral con la persona responsable, si es que es responsable\u201d, subray\u00f3.<\/p>\n\n\n\n<p>Asimismo, encomend\u00f3 a la SEP a que \u201chable\u201d con la directora de la primaria para que le explique c\u00f3mo funcionan los derechos laborales del personal sindicalizado.<br>Sobre ambos encargos, el gobernador Barbosa Huerta dijo que se mantendr\u00e1 pendiente de su cumplimiento. Inclusive, hizo hincapi\u00e9 en que se comunicar\u00e1 cada d\u00eda con Melit\u00f3n Lozano hasta que el funcionario le informe que hay una soluci\u00f3n.<\/p>\n\n\n\n<p>\u201cEs ofensivo todo esto, es indignante. Voy a estar pendiente de qu\u00e9 estos hechos se apliquen. Cada d\u00eda le voy a estar hablando al secretario de Educaci\u00f3n P\u00fablica para que me diga c\u00f3mo van avanzando estas cuestiones \u00a1Todos los d\u00edas voy a hablar!\u201d, se\u00f1al\u00f3.<\/p>\n\n\n\n<p>Por \u00faltimo, manifest\u00f3 que le es indiferente si la eventual destituci\u00f3n del presunto acosador puede causar un conflicto sindical: \u201cNo, ya conozco esto como se resuelve: llega el l\u00edder sindical y habla y amenaza. No, me vale a m\u00ed \u00bfsale? Punto\u201d.<\/p>\n","protected":false},"excerpt":{"rendered":"<p>\u201cOfensivo\u201d e \u201cindignante\u201d es como el gobernador Miguel Barbosa Huerta calific\u00f3 el presunto acoso que un conserje de la primaria General Juan Cris\u00f3stomo Bonilla, en San Pedro Cholula, cometi\u00f3 contra una menor de siete a\u00f1os de edad. Asimismo, orden\u00f3 a la Secretar\u00eda de Educaci\u00f3n P\u00fablica (SEP) que d\u00e9 soluci\u00f3n inmediata en este caso: \u00a1Pero que [&hellip;]<\/p>\n","protected":false},"author":4,"featured_media":10434,"comment_status":"open","ping_status":"open","sticky":false,"template":"","format":"standard","meta":{"om_disable_all_campaigns":false,"_monsterinsights_skip_tracking":false,"_monsterinsights_sitenote_active":false,"_monsterinsights_sitenote_note":"","_monsterinsights_sitenote_category":0,"footnotes":""},"categories":[175],"tags":[223],"class_list":["post-10433","post","type-post","status-publish","format-standard","has-post-thumbnail","hentry","category-local","tag-puebla"],"amp_enabled":true,"_links":{"self":[{"href":"https:\/\/lahora.mx\/index.php\/wp-json\/wp\/v2\/posts\/10433","targetHints":{"allow":["GET"]}}],"collection":[{"href":"https:\/\/lahora.mx\/index.php\/wp-json\/wp\/v2\/posts"}],"about":[{"href":"https:\/\/lahora.mx\/index.php\/wp-json\/wp\/v2\/types\/post"}],"author":[{"embeddable":true,"href":"https:\/\/lahora.mx\/index.php\/wp-json\/wp\/v2\/users\/4"}],"replies":[{"embeddable":true,"href":"https:\/\/lahora.mx\/index.php\/wp-json\/wp\/v2\/comments?post=10433"}],"version-history":[{"count":1,"href":"https:\/\/lahora.mx\/index.php\/wp-json\/wp\/v2\/posts\/10433\/revisions"}],"predecessor-version":[{"id":10435,"href":"https:\/\/lahora.mx\/index.php\/wp-json\/wp\/v2\/posts\/10433\/revisions\/10435"}],"wp:featuredmedia":[{"embeddable":true,"href":"https:\/\/lahora.mx\/index.php\/wp-json\/wp\/v2\/media\/10434"}],"wp:attachment":[{"href":"https:\/\/lahora.mx\/index.php\/wp-json\/wp\/v2\/media?parent=10433"}],"wp:term":[{"taxonomy":"category","embeddable":true,"href":"https:\/\/lahora.mx\/index.php\/wp-json\/wp\/v2\/categories?post=10433"},{"taxonomy":"post_tag","embeddable":true,"href":"https:\/\/lahora.mx\/index.php\/wp-json\/wp\/v2\/tags?post=10433"}],"curies":[{"name":"wp","href":"https:\/\/api.w.org\/{rel}","templated":true}]}}