{"id":10427,"date":"2022-07-22T00:36:39","date_gmt":"2022-07-22T00:36:39","guid":{"rendered":"http:\/\/lahora.mx\/?p=10427"},"modified":"2022-07-22T00:36:42","modified_gmt":"2022-07-22T00:36:42","slug":"cabildo-poblano-impulsa-medidas-de-inclusion-para-fortalecer-el-servicio-publico","status":"publish","type":"post","link":"https:\/\/lahora.mx\/index.php\/2022\/07\/22\/cabildo-poblano-impulsa-medidas-de-inclusion-para-fortalecer-el-servicio-publico\/","title":{"rendered":"Cabildo Poblano impulsa medidas de inclusi\u00f3n para fortalecer el servicio p\u00fablico"},"content":{"rendered":"\n<p>Se dio un paso m\u00e1s hacia la inclusi\u00f3n de todas y todos los poblanos, pues como una nueva medida de accesibilidad aprobada por el Cabildo, todos los servidores p\u00fablicos que otorgan atenci\u00f3n directa a la ciudadan\u00eda ser\u00e1n capacitados en lenguaje incluyente y adecuado trato a las personas con discapacidad.<\/p>\n\n\n\n<p>Ser\u00e1 precisamente de la mano del Consejo de Participaci\u00f3n Ciudadana para la Discapacidad que se impulsar\u00e1 esta iniciativa al interior de la Administraci\u00f3n que encabeza Eduardo Rivera P\u00e9rez, Presidente Municipal, donde el compromiso es seguir derribando barreras y, en su lugar, crear puentes de comunicaci\u00f3n y proximidad con la gente.<\/p>\n\n\n\n<p>En Sesi\u00f3n Ordinaria de Cabildo, las y los regidores tambi\u00e9n coincidieron en buscar la obtenci\u00f3n de los t\u00edtulos legales del Z\u00f3calo de la Ciudad, el Palacio Municipal, el Parque de Santa In\u00e9s y el Mercado Venustiano Carranza, medida de regulaci\u00f3n de tenencia de la tierra que brindar\u00e1 protecci\u00f3n a los bienes inmuebles de la Comuna como espacios de dominio p\u00fablico del municipio.<\/p>\n\n\n\n<p>Durante esta plenaria se revisaron y aprobaron los Estados de Situaci\u00f3n financiera correspondientes al 30 de junio; presupuestos, ingresos, egresos y pago programados que reflejan la disciplina en el manejo de recursos p\u00fablicos que se ha traducido en obra p\u00fablica, mejores servicios y m\u00e1s seguridad.<\/p>\n","protected":false},"excerpt":{"rendered":"<p>Se dio un paso m\u00e1s hacia la inclusi\u00f3n de todas y todos los poblanos, pues como una nueva medida de accesibilidad aprobada por el Cabildo, todos los servidores p\u00fablicos que otorgan atenci\u00f3n directa a la ciudadan\u00eda ser\u00e1n capacitados en lenguaje incluyente y adecuado trato a las personas con discapacidad. Ser\u00e1 precisamente de la mano del [&hellip;]<\/p>\n","protected":false},"author":4,"featured_media":10428,"comment_status":"open","ping_status":"open","sticky":false,"template":"","format":"standard","meta":{"om_disable_all_campaigns":false,"_monsterinsights_skip_tracking":false,"_monsterinsights_sitenote_active":false,"_monsterinsights_sitenote_note":"","_monsterinsights_sitenote_category":0,"footnotes":""},"categories":[175],"tags":[223],"class_list":["post-10427","post","type-post","status-publish","format-standard","has-post-thumbnail","hentry","category-local","tag-puebla"],"amp_enabled":true,"_links":{"self":[{"href":"https:\/\/lahora.mx\/index.php\/wp-json\/wp\/v2\/posts\/10427","targetHints":{"allow":["GET"]}}],"collection":[{"href":"https:\/\/lahora.mx\/index.php\/wp-json\/wp\/v2\/posts"}],"about":[{"href":"https:\/\/lahora.mx\/index.php\/wp-json\/wp\/v2\/types\/post"}],"author":[{"embeddable":true,"href":"https:\/\/lahora.mx\/index.php\/wp-json\/wp\/v2\/users\/4"}],"replies":[{"embeddable":true,"href":"https:\/\/lahora.mx\/index.php\/wp-json\/wp\/v2\/comments?post=10427"}],"version-history":[{"count":1,"href":"https:\/\/lahora.mx\/index.php\/wp-json\/wp\/v2\/posts\/10427\/revisions"}],"predecessor-version":[{"id":10429,"href":"https:\/\/lahora.mx\/index.php\/wp-json\/wp\/v2\/posts\/10427\/revisions\/10429"}],"wp:featuredmedia":[{"embeddable":true,"href":"https:\/\/lahora.mx\/index.php\/wp-json\/wp\/v2\/media\/10428"}],"wp:attachment":[{"href":"https:\/\/lahora.mx\/index.php\/wp-json\/wp\/v2\/media?parent=10427"}],"wp:term":[{"taxonomy":"category","embeddable":true,"href":"https:\/\/lahora.mx\/index.php\/wp-json\/wp\/v2\/categories?post=10427"},{"taxonomy":"post_tag","embeddable":true,"href":"https:\/\/lahora.mx\/index.php\/wp-json\/wp\/v2\/tags?post=10427"}],"curies":[{"name":"wp","href":"https:\/\/api.w.org\/{rel}","templated":true}]}}