{"id":10415,"date":"2022-07-21T16:28:17","date_gmt":"2022-07-21T16:28:17","guid":{"rendered":"http:\/\/lahora.mx\/?p=10415"},"modified":"2022-07-21T16:28:18","modified_gmt":"2022-07-21T16:28:18","slug":"proxima-semana-se-aplicara-la-segunda-dosis-a-mayores-de-12","status":"publish","type":"post","link":"https:\/\/lahora.mx\/index.php\/2022\/07\/21\/proxima-semana-se-aplicara-la-segunda-dosis-a-mayores-de-12\/","title":{"rendered":"Pr\u00f3xima semana se aplicara la segunda dosis a mayores de 12"},"content":{"rendered":"\n<p>El secretario de Salud estatal, Jos\u00e9 Antonio Mart\u00ednez Garc\u00eda, inform\u00f3 que la otra semana iniciar\u00eda la aplicaci\u00f3n de la segunda dosis de la vacuna contra covid-19 para adolescentes de 12 a 15 a\u00f1os en Puebla.<\/p>\n\n\n\n<p>La ma\u00f1ana de este 21 de julio, en rueda de prensa, dijo que ya se hizo la solicitud al gobierno federal, aunque hasta el momento no han obtenido respuesta.<\/p>\n\n\n\n<p>Sin embargo, el funcionario estatal indic\u00f3 que se tiene informaci\u00f3n que ya han sido adquiridas y ser\u00eda la otra semana cuando Puebla las est\u00e9 recibiendo, por lo que ser\u00e1 por esas fechas cuando inicie la jornada para aplicar la segunda dosis a adolescentes de 12 a 15 a\u00f1os.<br>Por otra parte, dio a conocer que para este jueves, Puebla registr\u00f3 786 nuevos casos de covid-19, sumando as\u00ed 8 mil 372 contagios activos, adem\u00e1s de que hay 90 pacientes hospitalizados y se reportaron cuatro muertes, que como en d\u00edas pasados, son de personas que no se vacunaron.<\/p>\n\n\n\n<p>Mart\u00ednez Garc\u00eda se\u00f1al\u00f3 que ocho personas necesitan ventilaci\u00f3n mec\u00e1nica asistida por presentar complicaciones. Asimismo, dijo que sigue la tendencia en muertes, pues la mayor\u00eda de personas que pierden la vida por covid-19 es porque no cuentan con ninguna vacuna.<\/p>\n\n\n\n<p>Por su parte, el gobernador Luis Miguel Barbosa Huerta asegur\u00f3 que Puebla ya est\u00e1 en el pico de la quinta ola, y en caso de que sigan aumentando las muertes se reforzar\u00e1n las acciones para prevenir contagios.<\/p>\n","protected":false},"excerpt":{"rendered":"<p>El secretario de Salud estatal, Jos\u00e9 Antonio Mart\u00ednez Garc\u00eda, inform\u00f3 que la otra semana iniciar\u00eda la aplicaci\u00f3n de la segunda dosis de la vacuna contra covid-19 para adolescentes de 12 a 15 a\u00f1os en Puebla. La ma\u00f1ana de este 21 de julio, en rueda de prensa, dijo que ya se hizo la solicitud al gobierno [&hellip;]<\/p>\n","protected":false},"author":4,"featured_media":10416,"comment_status":"open","ping_status":"open","sticky":false,"template":"","format":"standard","meta":{"om_disable_all_campaigns":false,"_monsterinsights_skip_tracking":false,"_monsterinsights_sitenote_active":false,"_monsterinsights_sitenote_note":"","_monsterinsights_sitenote_category":0,"footnotes":""},"categories":[175],"tags":[195,223],"class_list":["post-10415","post","type-post","status-publish","format-standard","has-post-thumbnail","hentry","category-local","tag-principal","tag-puebla"],"amp_enabled":true,"_links":{"self":[{"href":"https:\/\/lahora.mx\/index.php\/wp-json\/wp\/v2\/posts\/10415","targetHints":{"allow":["GET"]}}],"collection":[{"href":"https:\/\/lahora.mx\/index.php\/wp-json\/wp\/v2\/posts"}],"about":[{"href":"https:\/\/lahora.mx\/index.php\/wp-json\/wp\/v2\/types\/post"}],"author":[{"embeddable":true,"href":"https:\/\/lahora.mx\/index.php\/wp-json\/wp\/v2\/users\/4"}],"replies":[{"embeddable":true,"href":"https:\/\/lahora.mx\/index.php\/wp-json\/wp\/v2\/comments?post=10415"}],"version-history":[{"count":1,"href":"https:\/\/lahora.mx\/index.php\/wp-json\/wp\/v2\/posts\/10415\/revisions"}],"predecessor-version":[{"id":10417,"href":"https:\/\/lahora.mx\/index.php\/wp-json\/wp\/v2\/posts\/10415\/revisions\/10417"}],"wp:featuredmedia":[{"embeddable":true,"href":"https:\/\/lahora.mx\/index.php\/wp-json\/wp\/v2\/media\/10416"}],"wp:attachment":[{"href":"https:\/\/lahora.mx\/index.php\/wp-json\/wp\/v2\/media?parent=10415"}],"wp:term":[{"taxonomy":"category","embeddable":true,"href":"https:\/\/lahora.mx\/index.php\/wp-json\/wp\/v2\/categories?post=10415"},{"taxonomy":"post_tag","embeddable":true,"href":"https:\/\/lahora.mx\/index.php\/wp-json\/wp\/v2\/tags?post=10415"}],"curies":[{"name":"wp","href":"https:\/\/api.w.org\/{rel}","templated":true}]}}