{"id":10409,"date":"2022-07-21T16:24:02","date_gmt":"2022-07-21T16:24:02","guid":{"rendered":"http:\/\/lahora.mx\/?p=10409"},"modified":"2022-07-21T16:24:03","modified_gmt":"2022-07-21T16:24:03","slug":"violencia-extrema-en-mexico-sube-18-en-el-primer-semestre","status":"publish","type":"post","link":"https:\/\/lahora.mx\/index.php\/2022\/07\/21\/violencia-extrema-en-mexico-sube-18-en-el-primer-semestre\/","title":{"rendered":"Violencia extrema en M\u00e9xico; Sube 18% en el primer semestre"},"content":{"rendered":"\n<p class=\"wp-block-paragraph\">Los primeros seis meses del a\u00f1o en curso se reportaron 250 masacres, 856 casos de tortura, 183 asesinatos de ni\u00f1os y adolescentes, as\u00ed como 410 homicidios de mujeres con crueldad extrema, por lo que los delitos extremos subieron en 18 por ciento.<\/p>\n\n\n\n<p class=\"wp-block-paragraph\">De acuerdo a una nota publicada en el diario Exc\u00e9lsior, que se basa en datos de la organizaci\u00f3n Causa en Com\u00fan, donde se dio a conocer que durante el periodo antes mencionado se publicaron 2 mil 659 notas period\u00edsticas sobre alguno de los delitos de violencia extrema.<\/p>\n\n\n\n<p class=\"wp-block-paragraph\">Tambi\u00e9n hubo 426 casos de mutilaci\u00f3n, descuartizamiento y destrucci\u00f3n de cad\u00e1veres, 127 de calcinamiento.<br>Seg\u00fan las cifras, hubo un aumento de la violencia extrema en M\u00e9xico del 18 por ciento en comparaci\u00f3n con el primer semestre de 2021, cuando solo hubo 2 mil 643 casos de violencia extrema.<\/p>\n\n\n\n<p class=\"wp-block-paragraph\">Los estados que registraron m\u00e1s noticias de atrocidades fueron Baja California, con al menos 249; seguido por Michoac\u00e1n, con 217; Guanajuato, con 205; Morelos, con 149; y Guerrero, con al menos 126.<\/p>\n\n\n\n<p class=\"wp-block-paragraph\">Las entidades con el menor n\u00famero de noticias sobre atrocidades fueron: Nayarit, con al menos 14; Coahuila, con 16; Aguascalientes, con 17; Quer\u00e9taro, con 21; y Yucat\u00e1n, con al menos 25.<\/p>\n","protected":false},"excerpt":{"rendered":"<p>Los primeros seis meses del a\u00f1o en curso se reportaron 250 masacres, 856 casos de tortura, 183 asesinatos de ni\u00f1os y adolescentes, as\u00ed como 410 homicidios de mujeres con crueldad extrema, por lo que los delitos extremos subieron en 18 por ciento. De acuerdo a una nota publicada en el diario Exc\u00e9lsior, que se basa [&hellip;]<\/p>\n","protected":false},"author":4,"featured_media":10410,"comment_status":"open","ping_status":"open","sticky":false,"template":"","format":"standard","meta":{"om_disable_all_campaigns":false,"_monsterinsights_skip_tracking":false,"_monsterinsights_sitenote_active":false,"_monsterinsights_sitenote_note":"","_monsterinsights_sitenote_category":0,"footnotes":""},"categories":[176],"tags":[],"class_list":["post-10409","post","type-post","status-publish","format-standard","has-post-thumbnail","hentry","category-nacional"],"amp_enabled":true,"_links":{"self":[{"href":"https:\/\/lahora.mx\/index.php\/wp-json\/wp\/v2\/posts\/10409","targetHints":{"allow":["GET"]}}],"collection":[{"href":"https:\/\/lahora.mx\/index.php\/wp-json\/wp\/v2\/posts"}],"about":[{"href":"https:\/\/lahora.mx\/index.php\/wp-json\/wp\/v2\/types\/post"}],"author":[{"embeddable":true,"href":"https:\/\/lahora.mx\/index.php\/wp-json\/wp\/v2\/users\/4"}],"replies":[{"embeddable":true,"href":"https:\/\/lahora.mx\/index.php\/wp-json\/wp\/v2\/comments?post=10409"}],"version-history":[{"count":1,"href":"https:\/\/lahora.mx\/index.php\/wp-json\/wp\/v2\/posts\/10409\/revisions"}],"predecessor-version":[{"id":10411,"href":"https:\/\/lahora.mx\/index.php\/wp-json\/wp\/v2\/posts\/10409\/revisions\/10411"}],"wp:featuredmedia":[{"embeddable":true,"href":"https:\/\/lahora.mx\/index.php\/wp-json\/wp\/v2\/media\/10410"}],"wp:attachment":[{"href":"https:\/\/lahora.mx\/index.php\/wp-json\/wp\/v2\/media?parent=10409"}],"wp:term":[{"taxonomy":"category","embeddable":true,"href":"https:\/\/lahora.mx\/index.php\/wp-json\/wp\/v2\/categories?post=10409"},{"taxonomy":"post_tag","embeddable":true,"href":"https:\/\/lahora.mx\/index.php\/wp-json\/wp\/v2\/tags?post=10409"}],"curies":[{"name":"wp","href":"https:\/\/api.w.org\/{rel}","templated":true}]}}