{"id":10403,"date":"2022-07-21T16:05:28","date_gmt":"2022-07-21T16:05:28","guid":{"rendered":"http:\/\/lahora.mx\/?p=10403"},"modified":"2022-07-21T16:05:29","modified_gmt":"2022-07-21T16:05:29","slug":"con-sintomas-muy-leves-joe-biden-da-positivo-al-covid-19","status":"publish","type":"post","link":"https:\/\/lahora.mx\/index.php\/2022\/07\/21\/con-sintomas-muy-leves-joe-biden-da-positivo-al-covid-19\/","title":{"rendered":"Con s\u00edntomas \u00abmuy leves\u00bb Joe Biden da positivo al covid-19"},"content":{"rendered":"\n<p>El presidente de Estados Unidos, Joe Biden, dio positivo a covid-19 esta ma\u00f1ana, por lo que se aislar\u00e1 en la residencia oficial, inform\u00f3 este jueves la Casa Blanca.<\/p>\n\n\n\n<p>El mandatario estadunidense presenta s\u00edntomas muy leves y se le ha comenzado a suministrar Paxlovid, la pastilla anticovid de Pfizer. Biden, de 79 a\u00f1os, se encuentra completamente vacunado y cuenta con dos refuerzos contra el coronavirus.<\/p>\n\n\n\n<p>Te recomendamos: Esposa de Assange agradece a L\u00f3pez Obrador abogar por \u00e9l ante Biden<\/p>\n\n\n\n<p>La Casa Blanca indic\u00f3 que Biden continuar\u00e1 con sus actividades desde el aislamiento, por lo que sus reuniones programadas las tendr\u00e1 v\u00eda telef\u00f3nica y por Zoom.<\/p>\n\n\n\n<p>La primera dama de Estados Unidos, Jill Biden, confirm\u00f3 que el presidente se encuentra bien y asegur\u00f3 que ella dio negativo a la prueba.<br>La Unidad M\u00e9dica de la Casa Blanca informar\u00e1 a los contactos cercanos de Biden, incluidos los miembros del Congreso y de la prensa que interacturaron con el presidente ayer.<\/p>\n\n\n\n<p>En la prueba que se realiz\u00f3 el martes, Biden hab\u00eda dado negativo a covid-19.<\/p>\n","protected":false},"excerpt":{"rendered":"<p>El presidente de Estados Unidos, Joe Biden, dio positivo a covid-19 esta ma\u00f1ana, por lo que se aislar\u00e1 en la residencia oficial, inform\u00f3 este jueves la Casa Blanca. El mandatario estadunidense presenta s\u00edntomas muy leves y se le ha comenzado a suministrar Paxlovid, la pastilla anticovid de Pfizer. Biden, de 79 a\u00f1os, se encuentra completamente [&hellip;]<\/p>\n","protected":false},"author":4,"featured_media":10404,"comment_status":"open","ping_status":"open","sticky":false,"template":"","format":"standard","meta":{"om_disable_all_campaigns":false,"_monsterinsights_skip_tracking":false,"_monsterinsights_sitenote_active":false,"_monsterinsights_sitenote_note":"","_monsterinsights_sitenote_category":0,"footnotes":""},"categories":[183],"tags":[],"class_list":["post-10403","post","type-post","status-publish","format-standard","has-post-thumbnail","hentry","category-internacional"],"amp_enabled":true,"_links":{"self":[{"href":"https:\/\/lahora.mx\/index.php\/wp-json\/wp\/v2\/posts\/10403","targetHints":{"allow":["GET"]}}],"collection":[{"href":"https:\/\/lahora.mx\/index.php\/wp-json\/wp\/v2\/posts"}],"about":[{"href":"https:\/\/lahora.mx\/index.php\/wp-json\/wp\/v2\/types\/post"}],"author":[{"embeddable":true,"href":"https:\/\/lahora.mx\/index.php\/wp-json\/wp\/v2\/users\/4"}],"replies":[{"embeddable":true,"href":"https:\/\/lahora.mx\/index.php\/wp-json\/wp\/v2\/comments?post=10403"}],"version-history":[{"count":1,"href":"https:\/\/lahora.mx\/index.php\/wp-json\/wp\/v2\/posts\/10403\/revisions"}],"predecessor-version":[{"id":10405,"href":"https:\/\/lahora.mx\/index.php\/wp-json\/wp\/v2\/posts\/10403\/revisions\/10405"}],"wp:featuredmedia":[{"embeddable":true,"href":"https:\/\/lahora.mx\/index.php\/wp-json\/wp\/v2\/media\/10404"}],"wp:attachment":[{"href":"https:\/\/lahora.mx\/index.php\/wp-json\/wp\/v2\/media?parent=10403"}],"wp:term":[{"taxonomy":"category","embeddable":true,"href":"https:\/\/lahora.mx\/index.php\/wp-json\/wp\/v2\/categories?post=10403"},{"taxonomy":"post_tag","embeddable":true,"href":"https:\/\/lahora.mx\/index.php\/wp-json\/wp\/v2\/tags?post=10403"}],"curies":[{"name":"wp","href":"https:\/\/api.w.org\/{rel}","templated":true}]}}