{"id":1039,"date":"2021-12-29T16:21:52","date_gmt":"2021-12-29T16:21:52","guid":{"rendered":"http:\/\/lahora.mx\/?p=1039"},"modified":"2021-12-29T16:21:52","modified_gmt":"2021-12-29T16:21:52","slug":"amlo-celebra-que-presidente-de-san-lazaro-se-desista-por-denuncia-a-consejeros-del-ine","status":"publish","type":"post","link":"https:\/\/lahora.mx\/index.php\/2021\/12\/29\/amlo-celebra-que-presidente-de-san-lazaro-se-desista-por-denuncia-a-consejeros-del-ine\/","title":{"rendered":"AMLO celebra que presidente de San L\u00e1zaro se desista por denuncia a consejeros del INE"},"content":{"rendered":"<p>El presidente Andr\u00e9s Manuel L\u00f3pez Obrador celebr\u00f3 que el presidente de la C\u00e1mara de Diputados Sergio Luna Guti\u00e9rrez (Morena) desistiera de su demanda contra los concejeros del INE<strong> \u00a0<\/strong>que votaron por posponer la revocaci\u00f3n de mandato.<br \/>\nAs\u00ed mismo en su conferencia de prensa en Palacio Nacional critic\u00f3 que los conservadores, que tienen como ideolog\u00eda la hipocres\u00eda, no hicieron lo mismo cuando \u00e9l fue\u00a0 procesado durante el desafuero como Jefe de Gobierno de la Ciudad de M\u00e9xico.<br \/>\nRefiri\u00f3 un tuit del diputado Santiago Creel Miranda (PAN) quien se\u00f1al\u00f3 que la demanda del diputado Guti\u00e9rrez \u201ccometi\u00f3 un grave error al presentar ante la FGR una denuncia contra Consejeros del INE, la cual no acompa\u00f1amos\u201d<\/p>\n<p>\u201cCuando a m\u00ed me juzgaron, ninguno de esos dijo nada y Creel era secretario de Gobernaci\u00f3n\u2026 Ellos hicieron lo mismo en contra m\u00eda y no se retractaron, le siguieron, ni modo que Creel no se enter\u00f3 cuando Vicente Fox mand\u00f3 llamar al presidente de la Corte, Mariano Azuela, para darle instrucciones de que me desaforaran\u201d.<\/p>\n","protected":false},"excerpt":{"rendered":"<p>El presidente Andr\u00e9s Manuel L\u00f3pez Obrador celebr\u00f3 que el presidente de la C\u00e1mara de Diputados Sergio Luna Guti\u00e9rrez (Morena) desistiera de su demanda contra los concejeros del INE \u00a0que votaron por posponer la revocaci\u00f3n de mandato. As\u00ed mismo en su conferencia de prensa en Palacio Nacional critic\u00f3 que los conservadores, que tienen como ideolog\u00eda la [&hellip;]<\/p>\n","protected":false},"author":4,"featured_media":1040,"comment_status":"open","ping_status":"open","sticky":false,"template":"","format":"standard","meta":{"om_disable_all_campaigns":false,"_monsterinsights_skip_tracking":false,"_monsterinsights_sitenote_active":false,"_monsterinsights_sitenote_note":"","_monsterinsights_sitenote_category":0,"footnotes":""},"categories":[176],"tags":[],"class_list":["post-1039","post","type-post","status-publish","format-standard","has-post-thumbnail","hentry","category-nacional"],"amp_enabled":true,"_links":{"self":[{"href":"https:\/\/lahora.mx\/index.php\/wp-json\/wp\/v2\/posts\/1039","targetHints":{"allow":["GET"]}}],"collection":[{"href":"https:\/\/lahora.mx\/index.php\/wp-json\/wp\/v2\/posts"}],"about":[{"href":"https:\/\/lahora.mx\/index.php\/wp-json\/wp\/v2\/types\/post"}],"author":[{"embeddable":true,"href":"https:\/\/lahora.mx\/index.php\/wp-json\/wp\/v2\/users\/4"}],"replies":[{"embeddable":true,"href":"https:\/\/lahora.mx\/index.php\/wp-json\/wp\/v2\/comments?post=1039"}],"version-history":[{"count":1,"href":"https:\/\/lahora.mx\/index.php\/wp-json\/wp\/v2\/posts\/1039\/revisions"}],"predecessor-version":[{"id":1041,"href":"https:\/\/lahora.mx\/index.php\/wp-json\/wp\/v2\/posts\/1039\/revisions\/1041"}],"wp:featuredmedia":[{"embeddable":true,"href":"https:\/\/lahora.mx\/index.php\/wp-json\/wp\/v2\/media\/1040"}],"wp:attachment":[{"href":"https:\/\/lahora.mx\/index.php\/wp-json\/wp\/v2\/media?parent=1039"}],"wp:term":[{"taxonomy":"category","embeddable":true,"href":"https:\/\/lahora.mx\/index.php\/wp-json\/wp\/v2\/categories?post=1039"},{"taxonomy":"post_tag","embeddable":true,"href":"https:\/\/lahora.mx\/index.php\/wp-json\/wp\/v2\/tags?post=1039"}],"curies":[{"name":"wp","href":"https:\/\/api.w.org\/{rel}","templated":true}]}}