{"id":10267,"date":"2022-07-19T19:23:42","date_gmt":"2022-07-19T19:23:42","guid":{"rendered":"http:\/\/lahora.mx\/?p=10267"},"modified":"2022-07-19T19:23:42","modified_gmt":"2022-07-19T19:23:42","slug":"4-jueces-de-puebla-son-suspendidos-por-faltistas-u-omisos","status":"publish","type":"post","link":"https:\/\/lahora.mx\/index.php\/2022\/07\/19\/4-jueces-de-puebla-son-suspendidos-por-faltistas-u-omisos\/","title":{"rendered":"4 jueces de Puebla son suspendidos  por faltistas u omisos"},"content":{"rendered":"\n<p>El Tribunal Superior del Justicia (TSJ) de Puebla ha suspendido a cuatro jueces por incurrir en faltas administrativas o no ejercer bien su trabajo.<\/p>\n\n\n\n<p>El magistrado presidente H\u00e9ctor S\u00e1nchez S\u00e1nchez, dio a conocer que los jueces incurrieron en irregularidades como no presentarse a trabajar o no realizar alguna diligencia.<\/p>\n\n\n\n<p>En entrevista reconoci\u00f3 que la cifra podr\u00eda crecer ante la llegada de m\u00e1s denuncias, lo cual aval\u00f3 y llam\u00f3 a la ciudadan\u00eda a formalizar sus quejas contra jueces o trabajadores del poder Judicial.<br>Detall\u00f3 que las sanciones en contra de los jueces dependen de la gravedad de la falta, pero pueden llegar hasta la separaci\u00f3n del cargo.<\/p>\n\n\n\n<p>El magistrado precis\u00f3 que las quejas en contra los jueces no pueden ser por sus sentencias, sino por su desempe\u00f1o, ya que las inconformidades con las sentencias se atienden en un tribunal.<\/p>\n\n\n\n<p>Celebra tipificaci\u00f3n de violencia vicaria<\/p>\n\n\n\n<p>Tras tipificarse la violencia vicaria como delito, el magistrado presidente aval\u00f3 la reforma aprobada por el Congreso.<\/p>\n\n\n\n<p>Aunque la medida es nueva, asegur\u00f3 que se capacita constantemente al personal para atender de inmediato este tipo de casos aunque reci\u00e9n seincorporen al C\u00f3digo Penal.<\/p>\n\n\n\n<p>El viernes el poder Legislativo aprob\u00f3 sancionar hasta con diez a\u00f1os y medio de c\u00e1rcel y multas a las personas que utilicen a hijos para presionar o lastimar psicol\u00f3gicamente a una mujer o a los menores.<\/p>\n","protected":false},"excerpt":{"rendered":"<p>El Tribunal Superior del Justicia (TSJ) de Puebla ha suspendido a cuatro jueces por incurrir en faltas administrativas o no ejercer bien su trabajo. El magistrado presidente H\u00e9ctor S\u00e1nchez S\u00e1nchez, dio a conocer que los jueces incurrieron en irregularidades como no presentarse a trabajar o no realizar alguna diligencia. En entrevista reconoci\u00f3 que la cifra [&hellip;]<\/p>\n","protected":false},"author":4,"featured_media":10268,"comment_status":"open","ping_status":"open","sticky":false,"template":"","format":"standard","meta":{"om_disable_all_campaigns":false,"_monsterinsights_skip_tracking":false,"_monsterinsights_sitenote_active":false,"_monsterinsights_sitenote_note":"","_monsterinsights_sitenote_category":0,"footnotes":""},"categories":[175],"tags":[223],"class_list":["post-10267","post","type-post","status-publish","format-standard","has-post-thumbnail","hentry","category-local","tag-puebla"],"amp_enabled":true,"_links":{"self":[{"href":"https:\/\/lahora.mx\/index.php\/wp-json\/wp\/v2\/posts\/10267","targetHints":{"allow":["GET"]}}],"collection":[{"href":"https:\/\/lahora.mx\/index.php\/wp-json\/wp\/v2\/posts"}],"about":[{"href":"https:\/\/lahora.mx\/index.php\/wp-json\/wp\/v2\/types\/post"}],"author":[{"embeddable":true,"href":"https:\/\/lahora.mx\/index.php\/wp-json\/wp\/v2\/users\/4"}],"replies":[{"embeddable":true,"href":"https:\/\/lahora.mx\/index.php\/wp-json\/wp\/v2\/comments?post=10267"}],"version-history":[{"count":1,"href":"https:\/\/lahora.mx\/index.php\/wp-json\/wp\/v2\/posts\/10267\/revisions"}],"predecessor-version":[{"id":10269,"href":"https:\/\/lahora.mx\/index.php\/wp-json\/wp\/v2\/posts\/10267\/revisions\/10269"}],"wp:featuredmedia":[{"embeddable":true,"href":"https:\/\/lahora.mx\/index.php\/wp-json\/wp\/v2\/media\/10268"}],"wp:attachment":[{"href":"https:\/\/lahora.mx\/index.php\/wp-json\/wp\/v2\/media?parent=10267"}],"wp:term":[{"taxonomy":"category","embeddable":true,"href":"https:\/\/lahora.mx\/index.php\/wp-json\/wp\/v2\/categories?post=10267"},{"taxonomy":"post_tag","embeddable":true,"href":"https:\/\/lahora.mx\/index.php\/wp-json\/wp\/v2\/tags?post=10267"}],"curies":[{"name":"wp","href":"https:\/\/api.w.org\/{rel}","templated":true}]}}