{"id":10264,"date":"2022-07-19T19:20:03","date_gmt":"2022-07-19T19:20:03","guid":{"rendered":"http:\/\/lahora.mx\/?p=10264"},"modified":"2022-07-19T19:20:04","modified_gmt":"2022-07-19T19:20:04","slug":"dos-caracteristicas-en-comun-tienen-los-hospitalizados-por-covid-en-puebla","status":"publish","type":"post","link":"https:\/\/lahora.mx\/index.php\/2022\/07\/19\/dos-caracteristicas-en-comun-tienen-los-hospitalizados-por-covid-en-puebla\/","title":{"rendered":"Dos caracter\u00edsticas en com\u00fan tienen los Hospitalizados por Covid en Puebla"},"content":{"rendered":"\n<p>Hasta el 95 por ciento de las personas que han sido hospitalizadas por Covid-19 tienen alguna comorbilidad, mientras que un 80 por ciento no cuentan con el esquema de vacunaci\u00f3n completo o con ninguna vacuna, inform\u00f3 el Secretario de Salud, Jos\u00e9 Antonio Mart\u00ednez Garc\u00eda.<\/p>\n\n\n\n<p>Durante la conferencia de prensa del gobierno estatal, Mart\u00ednez indic\u00f3 que actualmente hay 94 pacientes hospitalizados y cinco de ellos cuentan con ventilaci\u00f3n mec\u00e1nica asistida. Detall\u00f3 que la mediana de edad de quienes han requerido atenci\u00f3n en un nosocomio es de 67 a\u00f1os.<\/p>\n\n\n\n<p>\u201cLo que quiere decir es que hay mucha gente adulta mayor, hasta de 95 a\u00f1os hospitalizados, el com\u00fan denominador es que hasta el 95 por ciento de los pacientes hospitalizados tienen comorbilidades o alg\u00fan tipo de afectaci\u00f3n cr\u00f3nica, ya sea diabetes, cardiopat\u00edas, insuficiencias renales, etc\u00e9tera y como un punto caracter\u00edstico el 80 por ciento de los hospitalizados o no est\u00e1n vacunados o se pusieron una sola dosis\u201d, acot\u00f3.<br>El Secretario de Salud inform\u00f3 que en las \u00faltimas 24 horas se detectaron 337 nuevos casos positivos de COVID-19 y actualmente hay 7 mil 980 casos activos y distribuidos en 129 municipios de la entidad poblana.<\/p>\n\n\n\n<p>En su intervenci\u00f3n, la Secretaria de Gobernaci\u00f3n, Ana Luc\u00eda Hill Mayoral, report\u00f3 que hay cinco personas privadas de la libertad contagiadas de SARS-CoV-2, de las cuales s\u00f3lo una se encuentra recibiendo atenci\u00f3n hospitalaria.<\/p>\n\n\n\n<p>LOCAL<\/p>\n\n\n\n<p>Quinta ola Covid-19: rebasa Puebla los 6 mil casos activos<br>Finalmente, el titular de la Secretar\u00eda de Salud inform\u00f3 que desde el mi\u00e9rcoles 20 al viernes 22 de julio se realizar\u00e1 una jornada de vacunaci\u00f3n pedi\u00e1trica contra la Covid-19 en 12 municipios de la Sierra Nororiental, entre ellos Atempan, Cuetzalan, Huehuetla, Hueytamalco, Teteles, Teziutl\u00e1n, Tlatlauquitepec y Zacapoaxtla.<\/p>\n\n\n\n<p>Dijo que se instalar\u00e1n 23 m\u00f3dulos de vacunaci\u00f3n en los citados municipios y la log\u00edstica completa de la jornada podr\u00e1 consultarse en el transcurso del d\u00eda en las redes sociales oficiales de la dependencia.<\/p>\n","protected":false},"excerpt":{"rendered":"<p>Hasta el 95 por ciento de las personas que han sido hospitalizadas por Covid-19 tienen alguna comorbilidad, mientras que un 80 por ciento no cuentan con el esquema de vacunaci\u00f3n completo o con ninguna vacuna, inform\u00f3 el Secretario de Salud, Jos\u00e9 Antonio Mart\u00ednez Garc\u00eda. Durante la conferencia de prensa del gobierno estatal, Mart\u00ednez indic\u00f3 que [&hellip;]<\/p>\n","protected":false},"author":4,"featured_media":10265,"comment_status":"open","ping_status":"open","sticky":false,"template":"","format":"standard","meta":{"om_disable_all_campaigns":false,"_monsterinsights_skip_tracking":false,"_monsterinsights_sitenote_active":false,"_monsterinsights_sitenote_note":"","_monsterinsights_sitenote_category":0,"footnotes":""},"categories":[175],"tags":[223],"class_list":["post-10264","post","type-post","status-publish","format-standard","has-post-thumbnail","hentry","category-local","tag-puebla"],"amp_enabled":true,"_links":{"self":[{"href":"https:\/\/lahora.mx\/index.php\/wp-json\/wp\/v2\/posts\/10264","targetHints":{"allow":["GET"]}}],"collection":[{"href":"https:\/\/lahora.mx\/index.php\/wp-json\/wp\/v2\/posts"}],"about":[{"href":"https:\/\/lahora.mx\/index.php\/wp-json\/wp\/v2\/types\/post"}],"author":[{"embeddable":true,"href":"https:\/\/lahora.mx\/index.php\/wp-json\/wp\/v2\/users\/4"}],"replies":[{"embeddable":true,"href":"https:\/\/lahora.mx\/index.php\/wp-json\/wp\/v2\/comments?post=10264"}],"version-history":[{"count":1,"href":"https:\/\/lahora.mx\/index.php\/wp-json\/wp\/v2\/posts\/10264\/revisions"}],"predecessor-version":[{"id":10266,"href":"https:\/\/lahora.mx\/index.php\/wp-json\/wp\/v2\/posts\/10264\/revisions\/10266"}],"wp:featuredmedia":[{"embeddable":true,"href":"https:\/\/lahora.mx\/index.php\/wp-json\/wp\/v2\/media\/10265"}],"wp:attachment":[{"href":"https:\/\/lahora.mx\/index.php\/wp-json\/wp\/v2\/media?parent=10264"}],"wp:term":[{"taxonomy":"category","embeddable":true,"href":"https:\/\/lahora.mx\/index.php\/wp-json\/wp\/v2\/categories?post=10264"},{"taxonomy":"post_tag","embeddable":true,"href":"https:\/\/lahora.mx\/index.php\/wp-json\/wp\/v2\/tags?post=10264"}],"curies":[{"name":"wp","href":"https:\/\/api.w.org\/{rel}","templated":true}]}}