{"id":10259,"date":"2022-07-19T19:08:17","date_gmt":"2022-07-19T19:08:17","guid":{"rendered":"http:\/\/lahora.mx\/?p=10259"},"modified":"2022-07-19T19:08:18","modified_gmt":"2022-07-19T19:08:18","slug":"los-mas-perjudicados-por-recorte-de-ieps-y-fortaseg-son-los-ayuntamientos-barbosa","status":"publish","type":"post","link":"https:\/\/lahora.mx\/index.php\/2022\/07\/19\/los-mas-perjudicados-por-recorte-de-ieps-y-fortaseg-son-los-ayuntamientos-barbosa\/","title":{"rendered":"Los m\u00e1s perjudicados por recorte de IEPS y Fortaseg son los ayuntamientos: Barbosa"},"content":{"rendered":"\n<p>Los ayuntamientos son los m\u00e1s perjudicados por el recorte presupuestario de la Federaci\u00f3n, pues la recaudaci\u00f3n fiscal ha sido insuficiente, reconoci\u00f3 el gobernador de Puebla, Miguel Barbosa Huerta, quien adem\u00e1s pidi\u00f3 a los tres poderes del Estado poblano ser m\u00e1s cuidadosos para hacer rendir el gasto del erario.<\/p>\n\n\n\n<p>\u201cHemos visto en los estados la disminuci\u00f3n de asignaci\u00f3n de recursos p\u00fablicos, de acuerdo a las f\u00f3rmulas que se manejan para la distribuci\u00f3n de los mismos y tiene que ver mucho con la recaudaci\u00f3n nacional, no hay m\u00e1s recursos que los que se recaudan (\u2026) [pero] la recaudaci\u00f3n no ha sido la mejor\u201d, argument\u00f3 en conferencia de prensa.<\/p>\n\n\n\n<p>Asimismo, explic\u00f3 en respuesta a un cuestionamiento hecho por El Sol de Puebla, que las aportaciones que reciben los gobiernos municipales son escasos ante la realidad de sus condiciones. Sin embargo, defendi\u00f3 que no se trata de \u201cfalta de voluntad\u201d del gobierno federal.<br><\/p>\n\n\n\n<p>\u201cClaro, s\u00ed es insuficiente, los recursos que se reciben son insuficientes, siempre habr\u00e1 necesidad de muchos m\u00e1s. Los municipios adolecen de las cantidades necesarias para poder hacer una planeaci\u00f3n grande o importante de obra p\u00fablica (\u2026) de todos los servicios municipales\u201d, sostuvo.<\/p>\n\n\n\n<p>Es importante mencionar que, tal como dio a conocer esta casa editorial, desde el segundo trimestre de 2022, el gobierno federal ces\u00f3 la ministraci\u00f3n del Impuesto Especial sobre Producci\u00f3n y Servicios (IEPS) por venta de gasolinas, un concepto de participaci\u00f3n que era entregado a todos los ayuntamientos del pa\u00eds. De esta manera, seg\u00fan estimaciones hechas por este medio, las p\u00e9rdidas en dicho periodo en la entidad ascender\u00edan a los 243 millones de pesos.<\/p>\n\n\n\n<p>REDUCCI\u00d3N DE APORTACIONES FEDERALES ES POR CRISIS ECON\u00d3MICA<br>Aunado a ello,la subvenci\u00f3n asignada para el Fortalecimiento del desempe\u00f1o en materia de Seguridad P\u00fablica, mejor conocida como Fortaseg, fue suspendida tambi\u00e9n desde 2021, dejando sin este recurso a 16 municipios en Puebla. En este caso, el capital anual global percibido era de poco m\u00e1s de 215 millones de pesos.<\/p>\n\n\n\n<p>En ese tenor, el gobernante poblano justific\u00f3 que la reducci\u00f3n de aportaciones federales est\u00e1 relacionada a la crisis econ\u00f3mica que se vive en el pa\u00eds, as\u00ed como el incremento en el valor inflacionario, la disminuci\u00f3n de la renta petrolera, entre otros par\u00e1metros. No obstante, se manifest\u00f3 porque esto sea distinto en el corto plazo.<\/p>\n\n\n\n<p>\u201cEstoy cierto que debe (\u2026) [haber] mejor recaudaci\u00f3n y pronto la habr\u00e1: recaudaci\u00f3n de impuestos, derechos aprovechamientos de la Federaci\u00f3n para que haya una reasignaci\u00f3n de inversi\u00f3n p\u00fablica en obras estrat\u00e9gicas, [que] est\u00e1n atrayendo mucho dinero que puede asignarse a estados y municipios\u201d, coment\u00f3.<\/p>\n\n\n\n<p>Retiro del IEPS pega en gastos y seguridad de municipios poblanos<br>Asimismo, hizo un llamado a las instituciones que comprenden los tres poderes de gobierno en la entidad, a que tengan un desempe\u00f1o austero de su gasto p\u00fablico, pues se manifest\u00f3 porque el presupuesto tenga mejor rendimiento.<\/p>\n\n\n\n<p>\u201cHay que ser cuidadosos. Yo recomiendo que a todos los agentes de gasto p\u00fablico (\u2026) tenemos que hacer un gasto cuidadoso, ordenado, honrado, sobre todo honrado, muy austero, no dispendioso y planear todo peso que se tenga (\u2026) y que se gaste con eficacia\u201d, insisti\u00f3.<\/p>\n\n\n\n<p>Finalmente, es importante recordar que esta no ha sido la primera vez que el gobernador Barbosa Huerta se pronunci\u00f3 sobre la disminuci\u00f3n de capital federal. En septiembre de 2020, lo hizo por primera vez y lo hizo en contra de esta medida.<\/p>\n\n\n\n<p>\u201cNo me gusta el presupuesto de la Federaci\u00f3n (\u2026) \u00bfA qui\u00e9n le puede gustar? Y no me gusta que le bajen el 5 por ciento a Puebla, a todos los estados les baja, pero no me gusta y no me gusta cuando en este momento tampoco hay un solo peso de la Federaci\u00f3n invertido en nuestro estado\u00bb, refiri\u00f3 entonces.<\/p>\n","protected":false},"excerpt":{"rendered":"<p>Los ayuntamientos son los m\u00e1s perjudicados por el recorte presupuestario de la Federaci\u00f3n, pues la recaudaci\u00f3n fiscal ha sido insuficiente, reconoci\u00f3 el gobernador de Puebla, Miguel Barbosa Huerta, quien adem\u00e1s pidi\u00f3 a los tres poderes del Estado poblano ser m\u00e1s cuidadosos para hacer rendir el gasto del erario. \u201cHemos visto en los estados la disminuci\u00f3n [&hellip;]<\/p>\n","protected":false},"author":4,"featured_media":10262,"comment_status":"open","ping_status":"open","sticky":false,"template":"","format":"standard","meta":{"om_disable_all_campaigns":false,"_monsterinsights_skip_tracking":false,"_monsterinsights_sitenote_active":false,"_monsterinsights_sitenote_note":"","_monsterinsights_sitenote_category":0,"footnotes":""},"categories":[175],"tags":[195,223],"class_list":["post-10259","post","type-post","status-publish","format-standard","has-post-thumbnail","hentry","category-local","tag-principal","tag-puebla"],"amp_enabled":true,"_links":{"self":[{"href":"https:\/\/lahora.mx\/index.php\/wp-json\/wp\/v2\/posts\/10259","targetHints":{"allow":["GET"]}}],"collection":[{"href":"https:\/\/lahora.mx\/index.php\/wp-json\/wp\/v2\/posts"}],"about":[{"href":"https:\/\/lahora.mx\/index.php\/wp-json\/wp\/v2\/types\/post"}],"author":[{"embeddable":true,"href":"https:\/\/lahora.mx\/index.php\/wp-json\/wp\/v2\/users\/4"}],"replies":[{"embeddable":true,"href":"https:\/\/lahora.mx\/index.php\/wp-json\/wp\/v2\/comments?post=10259"}],"version-history":[{"count":1,"href":"https:\/\/lahora.mx\/index.php\/wp-json\/wp\/v2\/posts\/10259\/revisions"}],"predecessor-version":[{"id":10263,"href":"https:\/\/lahora.mx\/index.php\/wp-json\/wp\/v2\/posts\/10259\/revisions\/10263"}],"wp:featuredmedia":[{"embeddable":true,"href":"https:\/\/lahora.mx\/index.php\/wp-json\/wp\/v2\/media\/10262"}],"wp:attachment":[{"href":"https:\/\/lahora.mx\/index.php\/wp-json\/wp\/v2\/media?parent=10259"}],"wp:term":[{"taxonomy":"category","embeddable":true,"href":"https:\/\/lahora.mx\/index.php\/wp-json\/wp\/v2\/categories?post=10259"},{"taxonomy":"post_tag","embeddable":true,"href":"https:\/\/lahora.mx\/index.php\/wp-json\/wp\/v2\/tags?post=10259"}],"curies":[{"name":"wp","href":"https:\/\/api.w.org\/{rel}","templated":true}]}}