{"id":10253,"date":"2022-07-19T16:20:29","date_gmt":"2022-07-19T16:20:29","guid":{"rendered":"http:\/\/lahora.mx\/?p=10253"},"modified":"2022-07-19T16:20:29","modified_gmt":"2022-07-19T16:20:29","slug":"conserje-de-primaria-es-acusado-tras-agredir-a-seis-estudiantes","status":"publish","type":"post","link":"https:\/\/lahora.mx\/index.php\/2022\/07\/19\/conserje-de-primaria-es-acusado-tras-agredir-a-seis-estudiantes\/","title":{"rendered":"Conserje de primaria es acusado tras agredir a seis estudiantes"},"content":{"rendered":"\n<p>Acusando actos de maltrato e intimidaci\u00f3n contra al menos dos alumnos de la escuela primaria matutina del Centro Escolar \u00abPresidente Juan N. M\u00e9ndez\u00bb, de esta ciudad, padres de familia presentaron diversos recursos legales y administrativos contra la directora de esa escuela, as\u00ed como una conserje, seg\u00fan el testimonio de los quejosos y documentos presentados.<\/p>\n\n\n\n<p>Acorde a la documentaci\u00f3n, con sello de recibido por parte de diferentes instancias con sede en la capital poblana, a finales de mayo pasado, al menos tres alumnos de esa primaria matutina estaban observando c\u00f3mo se aplicaba filtro de \u201csanitizaci\u00f3n\u201d en el sal\u00f3n, mientras aguardaban que les permitieran el acceso.<\/p>\n\n\n\n<p>La conserje, al t\u00e9rmino de esa actividad, habr\u00eda golpeado a uno de los ni\u00f1os en la cabeza, empuj\u00f3 a una de las ni\u00f1as y corri\u00f3 del lugar a una tercera que observaba la escena. Por el miedo a lo que pudiera ocurrir, le contaron lo sucedido a la maestra del grupo, quien les coment\u00f3 que lo hablar\u00eda con la directora y, posteriormente, al Consejo T\u00e9cnico.<br><\/p>\n\n\n\n<p>Muy poco despu\u00e9s, una de las menores se encontr\u00f3 con la conserje, justo cuando sal\u00eda del ba\u00f1o, ah\u00ed habr\u00eda sido objeto de amenazas verbales de la conserje.<\/p>\n\n\n\n<p>Luego de que el padre de familia de esta menor se enter\u00f3 de lo sucedido, busc\u00f3 a la directora del plantel el pasado 3 de junio, aunque no tuvo \u00e9xito porque la directiva hab\u00eda salido de Comisi\u00f3n, en la que pudo haber permanecido porque el padre de familia busc\u00f3 a la directora tres d\u00edas m\u00e1s tarde tampoco pudo localizarla, ese mismo d\u00eda 6 de junio hubo otro altercado de intimidaci\u00f3n, ya usando empellones, por parte de la conserje.<\/p>\n\n\n\n<p>El d\u00eda 7 de junio, durante una cita en la instituci\u00f3n que se aprovech\u00f3 para la venta de libros, cuando el abuelo de la ni\u00f1a quiso dar seguimiento a lo sucedido y quiso hablar con la maestra encargada del grupo, no pudo hacerlo porque otro padre de familia estaba reclamando las agresiones de las que estaba siendo objeto, incluyendo golpes, contra otro menor, situaci\u00f3n que gener\u00f3 miedo en todo el grupo y la exigencia de poder hablar con la directora.<\/p>\n\n\n\n<p>Hubo otros altercados el ocho y 9 de junio, en este \u00faltimo d\u00eda la maestra de grupo pregunt\u00f3 a los alumnos quienes hab\u00edan sido agredidos y hasta entonces se supo que ya sumaban seis menores, quienes alzaron la mano fueron llevados a la direcci\u00f3n y la directora exigi\u00f3 que se disculparon con la conserje por haber malentendido sus acciones.<br><\/p>\n\n\n\n<p>Ante la acci\u00f3n que consideran de omisi\u00f3n y protecci\u00f3n por parte de la directiva, los padres de familia decidieron interponer sus quejas ante diferentes instancias, entre ellas la Secretar\u00eda de Educaci\u00f3n P\u00fablica (SEP) y a la Direcci\u00f3n de Centros Escolares del Estado de Puebla, as\u00ed como al \u00d3rgano Interno de Control de la Secretar\u00eda Educaci\u00f3n P\u00fablica del Estado; al momento de la redacci\u00f3n de la nota a\u00fan se estaban definiendo otras acciones para garantizar el resguardo de los menores.<\/p>\n\n\n\n<p>A m\u00e1s de un mes de la queja y ante el silencio y poca acci\u00f3n al respecto, los padres de familia decidieron hacer p\u00fablico el caso, considerando que no es la primera agresi\u00f3n cometida por personal de esta instituci\u00f3n, siendo el caso m\u00e1s reciente el de una contadora que es docente.<\/p>\n","protected":false},"excerpt":{"rendered":"<p>Acusando actos de maltrato e intimidaci\u00f3n contra al menos dos alumnos de la escuela primaria matutina del Centro Escolar \u00abPresidente Juan N. M\u00e9ndez\u00bb, de esta ciudad, padres de familia presentaron diversos recursos legales y administrativos contra la directora de esa escuela, as\u00ed como una conserje, seg\u00fan el testimonio de los quejosos y documentos presentados. Acorde [&hellip;]<\/p>\n","protected":false},"author":4,"featured_media":10254,"comment_status":"open","ping_status":"open","sticky":false,"template":"","format":"standard","meta":{"om_disable_all_campaigns":false,"_monsterinsights_skip_tracking":false,"_monsterinsights_sitenote_active":false,"_monsterinsights_sitenote_note":"","_monsterinsights_sitenote_category":0,"footnotes":""},"categories":[175],"tags":[223],"class_list":["post-10253","post","type-post","status-publish","format-standard","has-post-thumbnail","hentry","category-local","tag-puebla"],"amp_enabled":true,"_links":{"self":[{"href":"https:\/\/lahora.mx\/index.php\/wp-json\/wp\/v2\/posts\/10253","targetHints":{"allow":["GET"]}}],"collection":[{"href":"https:\/\/lahora.mx\/index.php\/wp-json\/wp\/v2\/posts"}],"about":[{"href":"https:\/\/lahora.mx\/index.php\/wp-json\/wp\/v2\/types\/post"}],"author":[{"embeddable":true,"href":"https:\/\/lahora.mx\/index.php\/wp-json\/wp\/v2\/users\/4"}],"replies":[{"embeddable":true,"href":"https:\/\/lahora.mx\/index.php\/wp-json\/wp\/v2\/comments?post=10253"}],"version-history":[{"count":1,"href":"https:\/\/lahora.mx\/index.php\/wp-json\/wp\/v2\/posts\/10253\/revisions"}],"predecessor-version":[{"id":10255,"href":"https:\/\/lahora.mx\/index.php\/wp-json\/wp\/v2\/posts\/10253\/revisions\/10255"}],"wp:featuredmedia":[{"embeddable":true,"href":"https:\/\/lahora.mx\/index.php\/wp-json\/wp\/v2\/media\/10254"}],"wp:attachment":[{"href":"https:\/\/lahora.mx\/index.php\/wp-json\/wp\/v2\/media?parent=10253"}],"wp:term":[{"taxonomy":"category","embeddable":true,"href":"https:\/\/lahora.mx\/index.php\/wp-json\/wp\/v2\/categories?post=10253"},{"taxonomy":"post_tag","embeddable":true,"href":"https:\/\/lahora.mx\/index.php\/wp-json\/wp\/v2\/tags?post=10253"}],"curies":[{"name":"wp","href":"https:\/\/api.w.org\/{rel}","templated":true}]}}