{"id":10247,"date":"2022-07-19T15:37:27","date_gmt":"2022-07-19T15:37:27","guid":{"rendered":"http:\/\/lahora.mx\/?p=10247"},"modified":"2022-07-19T15:37:29","modified_gmt":"2022-07-19T15:37:29","slug":"es-miercoles-inicia-la-vacunacion-en-la-sierra-nororiental","status":"publish","type":"post","link":"https:\/\/lahora.mx\/index.php\/2022\/07\/19\/es-miercoles-inicia-la-vacunacion-en-la-sierra-nororiental\/","title":{"rendered":"Es mi\u00e9rcoles inicia la vacunaci\u00f3n en la Sierra Nororiental"},"content":{"rendered":"\n<p>El mi\u00e9rcoles y hasta el viernes 22 de julio aplicar\u00e1n vacunas contra covid-19 para ni\u00f1as y ni\u00f1os de 5 a 11 a\u00f1os en la Sierra Nororiental, para lo que se contar\u00e1 con 23 m\u00f3dulos en los municipios de Atempan, Cuetzalan, Huehuetla, Hueytamalco, Teteles, Teziutl\u00e1n, Tlatlauquitepec y Zacapoaxtla.<\/p>\n\n\n\n<p>La ma\u00f1ana de este martes en rueda de prensa, el secretario de Salud estatal, Jos\u00e9 Antonio Mart\u00ednez Garc\u00eda, dijo que para consultar la ubicaci\u00f3n de los m\u00f3dulos es necesario visitar la p\u00e1gina https:\/\/previenecovid19.puebla.gob.mx\/vacuna.<\/p>\n\n\n\n<p>Sin embargo, no indic\u00f3 con cuantas vacunas se contar\u00e1n para esta nueva jornada que se llevar\u00e1 a cabo del 20 al 22 de julio.<br>Por otra parte, dio a conocer que Puebla report\u00f3 337 nuevos casos de covid-19, por lo que hay 7 ml 980 contagios activos en 129 municipios.<\/p>\n\n\n\n<p>Mart\u00ednez Garc\u00eda detall\u00f3 que hay 94 hospitalizados, de los cuales cinco requieren ventilaci\u00f3n mec\u00e1nica asistida, aunque se debe recordar hab\u00eda asegurado que esta cifra se alcanzar\u00eda hasta el pico de la quinta ola, en una semana.<\/p>\n\n\n\n<p>Al respecto, se\u00f1al\u00f3 que la mayor\u00eda de pacientes que se encuentran en hospitales tienen alrededor de 67 a\u00f1os, algunas hasta mayores de 90 a\u00f1os.<br>El funcionario agreg\u00f3 que el 95 por ciento de hospitalizados tienen comorbilidades, como diabetes y cardiopat\u00edas, mientras que un 80 por ciento no tienen vacunas o solo se aplicaron una dosis.<\/p>\n","protected":false},"excerpt":{"rendered":"<p>El mi\u00e9rcoles y hasta el viernes 22 de julio aplicar\u00e1n vacunas contra covid-19 para ni\u00f1as y ni\u00f1os de 5 a 11 a\u00f1os en la Sierra Nororiental, para lo que se contar\u00e1 con 23 m\u00f3dulos en los municipios de Atempan, Cuetzalan, Huehuetla, Hueytamalco, Teteles, Teziutl\u00e1n, Tlatlauquitepec y Zacapoaxtla. La ma\u00f1ana de este martes en rueda de [&hellip;]<\/p>\n","protected":false},"author":4,"featured_media":10248,"comment_status":"open","ping_status":"open","sticky":false,"template":"","format":"standard","meta":{"om_disable_all_campaigns":false,"_monsterinsights_skip_tracking":false,"_monsterinsights_sitenote_active":false,"_monsterinsights_sitenote_note":"","_monsterinsights_sitenote_category":0,"footnotes":""},"categories":[175],"tags":[195,223],"class_list":["post-10247","post","type-post","status-publish","format-standard","has-post-thumbnail","hentry","category-local","tag-principal","tag-puebla"],"amp_enabled":true,"_links":{"self":[{"href":"https:\/\/lahora.mx\/index.php\/wp-json\/wp\/v2\/posts\/10247","targetHints":{"allow":["GET"]}}],"collection":[{"href":"https:\/\/lahora.mx\/index.php\/wp-json\/wp\/v2\/posts"}],"about":[{"href":"https:\/\/lahora.mx\/index.php\/wp-json\/wp\/v2\/types\/post"}],"author":[{"embeddable":true,"href":"https:\/\/lahora.mx\/index.php\/wp-json\/wp\/v2\/users\/4"}],"replies":[{"embeddable":true,"href":"https:\/\/lahora.mx\/index.php\/wp-json\/wp\/v2\/comments?post=10247"}],"version-history":[{"count":1,"href":"https:\/\/lahora.mx\/index.php\/wp-json\/wp\/v2\/posts\/10247\/revisions"}],"predecessor-version":[{"id":10249,"href":"https:\/\/lahora.mx\/index.php\/wp-json\/wp\/v2\/posts\/10247\/revisions\/10249"}],"wp:featuredmedia":[{"embeddable":true,"href":"https:\/\/lahora.mx\/index.php\/wp-json\/wp\/v2\/media\/10248"}],"wp:attachment":[{"href":"https:\/\/lahora.mx\/index.php\/wp-json\/wp\/v2\/media?parent=10247"}],"wp:term":[{"taxonomy":"category","embeddable":true,"href":"https:\/\/lahora.mx\/index.php\/wp-json\/wp\/v2\/categories?post=10247"},{"taxonomy":"post_tag","embeddable":true,"href":"https:\/\/lahora.mx\/index.php\/wp-json\/wp\/v2\/tags?post=10247"}],"curies":[{"name":"wp","href":"https:\/\/api.w.org\/{rel}","templated":true}]}}