{"id":10232,"date":"2022-07-19T00:04:41","date_gmt":"2022-07-19T00:04:41","guid":{"rendered":"http:\/\/lahora.mx\/?p=10232"},"modified":"2022-07-19T00:04:42","modified_gmt":"2022-07-19T00:04:42","slug":"la-gobernadora-lorena-cuellar-hace-un-llamado-a-municipios-a-trabajar-coordinadamente-en-favor-de-la-seguridad","status":"publish","type":"post","link":"https:\/\/lahora.mx\/index.php\/2022\/07\/19\/la-gobernadora-lorena-cuellar-hace-un-llamado-a-municipios-a-trabajar-coordinadamente-en-favor-de-la-seguridad\/","title":{"rendered":"La gobernadora Lorena Cu\u00e9llar hace un llamado a municipios a trabajar coordinadamente en favor de la seguridad"},"content":{"rendered":"\n<p>La gobernadora de Tlaxcala, Lorena Cu\u00e9llar Cisneros, llam\u00f3 a las presidentas y presidentes municipales del estado a trabajar de forma conjunta y coordinada en favor de la seguridad p\u00fablica.<\/p>\n\n\n\n<p>Se deslinda alcalde de Xaltocan por conflicto y cede esclarecimiento al Gobierno del Estado<br>Durante la Mesa de Trabajo, Gobierno, Seguridad, y Procuraci\u00f3n de Justicia, Estado-Municipios, la mandataria estatal demand\u00f3 a las autoridades su completo respaldo a los trabajos que lleva a cabo el gobierno del estado, pues consider\u00f3 que solamente juntos, Guardia Nacional, el Ej\u00e9rcito, la administraci\u00f3n estatal y los municipios, podr\u00e1n entregar buenas cuentas a la poblaci\u00f3n.<\/p>\n\n\n\n<p>Ante 55 alcaldesas y alcaldes, integrantes del gabinete estatal y representantes de instituciones federales de seguridad p\u00fablica, solicit\u00f3 trabajar para que Tlaxcala se mantenga como la entidad m\u00e1s segura del pa\u00eds, pues dijo que es una estad\u00edstica que no significa que todo est\u00e1 perfecto en Tlaxcala, pero que s\u00ed genera mayor confianza entre los turistas y empresarios que acuden al estado.<br><\/p>\n\n\n\n<p>En el sal\u00f3n Joaqu\u00edn Cisneros, en la capital del estado, habl\u00f3 de la importancia de la realizaci\u00f3n de las mesas de seguridad, puesto que es en esos sitios en d\u00f3nde, con la presencia de las instituciones encargadas de la seguridad p\u00fablica, es posible atender diversas problem\u00e1ticas que hay en las demarcaciones.<\/p>\n\n\n\n<p>Iniciar\u00e1 la construcci\u00f3n de inmueble de Seguridad, en Santa Cruz Tlaxcala<br>Es muy importante para m\u00ed que todos asumamos la responsabilidad que nos toca, pues cada presidente o presidenta municipal es responsable de la seguridad en su municipio, y nosotros como gobierno tenemos la obligaci\u00f3n de acompa\u00f1arlos y respaldarlos cuando se dificulta, expres\u00f3.<\/p>\n\n\n\n<p>Por ello, Cu\u00e9llar Cisneros llam\u00f3 a todos los presentes a redoblar los esfuerzos en materia de seguridad, pero tambi\u00e9n a dar continuidad a las acciones que ejecuta el gobierno del estado y que cumplan con lo que les corresponde para lograr los objetivos.<\/p>\n\n\n\n<p>Coment\u00f3 que es necesario tener el n\u00famero de polic\u00edas que se establece seg\u00fan la poblaci\u00f3n de cada municipio, que es urgente que todos los elementos est\u00e9n certificados y que cuenten con salarios dignos y normados.<\/p>\n\n\n\n<p>A eso sum\u00f3 la importancia de que los polic\u00edas municipales puedan acceder a la capacitaci\u00f3n y que puedan dotarlos de sus uniformes completos, ya que eso permite que exista una polic\u00eda fuerte que pueda contener la inseguridad y la delincuencia.<br>Por otro lado, indic\u00f3 que el gobierno del estado ha implementado diversas estrategias para fortalecer la seguridad, y record\u00f3 el inicio de la construcci\u00f3n del C5 y el equipamiento fuera de esa instituci\u00f3n, lo que permitir\u00e1 el fortalecimiento de seguridad.<\/p>\n\n\n\n<p>Antes de finalizar, Cu\u00e9llar Cisneros solicit\u00f3 a los alcaldes y alcaldesas reforzar estrategias para prevenir la violencia de g\u00e9nero, la venta y consumo de bebidas alcoh\u00f3licas y la prevenci\u00f3n del suicidio, un problema que se dispar\u00f3 a causa de la confinaci\u00f3n por la pandemia de Covid-19.<\/p>\n","protected":false},"excerpt":{"rendered":"<p>La gobernadora de Tlaxcala, Lorena Cu\u00e9llar Cisneros, llam\u00f3 a las presidentas y presidentes municipales del estado a trabajar de forma conjunta y coordinada en favor de la seguridad p\u00fablica. Se deslinda alcalde de Xaltocan por conflicto y cede esclarecimiento al Gobierno del EstadoDurante la Mesa de Trabajo, Gobierno, Seguridad, y Procuraci\u00f3n de Justicia, Estado-Municipios, la [&hellip;]<\/p>\n","protected":false},"author":4,"featured_media":10233,"comment_status":"open","ping_status":"open","sticky":false,"template":"","format":"standard","meta":{"om_disable_all_campaigns":false,"_monsterinsights_skip_tracking":false,"_monsterinsights_sitenote_active":false,"_monsterinsights_sitenote_note":"","_monsterinsights_sitenote_category":0,"footnotes":""},"categories":[175],"tags":[210],"class_list":["post-10232","post","type-post","status-publish","format-standard","has-post-thumbnail","hentry","category-local","tag-tlaxcala"],"amp_enabled":true,"_links":{"self":[{"href":"https:\/\/lahora.mx\/index.php\/wp-json\/wp\/v2\/posts\/10232","targetHints":{"allow":["GET"]}}],"collection":[{"href":"https:\/\/lahora.mx\/index.php\/wp-json\/wp\/v2\/posts"}],"about":[{"href":"https:\/\/lahora.mx\/index.php\/wp-json\/wp\/v2\/types\/post"}],"author":[{"embeddable":true,"href":"https:\/\/lahora.mx\/index.php\/wp-json\/wp\/v2\/users\/4"}],"replies":[{"embeddable":true,"href":"https:\/\/lahora.mx\/index.php\/wp-json\/wp\/v2\/comments?post=10232"}],"version-history":[{"count":1,"href":"https:\/\/lahora.mx\/index.php\/wp-json\/wp\/v2\/posts\/10232\/revisions"}],"predecessor-version":[{"id":10234,"href":"https:\/\/lahora.mx\/index.php\/wp-json\/wp\/v2\/posts\/10232\/revisions\/10234"}],"wp:featuredmedia":[{"embeddable":true,"href":"https:\/\/lahora.mx\/index.php\/wp-json\/wp\/v2\/media\/10233"}],"wp:attachment":[{"href":"https:\/\/lahora.mx\/index.php\/wp-json\/wp\/v2\/media?parent=10232"}],"wp:term":[{"taxonomy":"category","embeddable":true,"href":"https:\/\/lahora.mx\/index.php\/wp-json\/wp\/v2\/categories?post=10232"},{"taxonomy":"post_tag","embeddable":true,"href":"https:\/\/lahora.mx\/index.php\/wp-json\/wp\/v2\/tags?post=10232"}],"curies":[{"name":"wp","href":"https:\/\/api.w.org\/{rel}","templated":true}]}}