{"id":10226,"date":"2022-07-18T23:59:55","date_gmt":"2022-07-18T23:59:55","guid":{"rendered":"http:\/\/lahora.mx\/?p=10226"},"modified":"2022-07-18T23:59:56","modified_gmt":"2022-07-18T23:59:56","slug":"un-nuevo-caso-de-brutalidad-policiaca-y-racismo-bakayoko","status":"publish","type":"post","link":"https:\/\/lahora.mx\/index.php\/2022\/07\/18\/un-nuevo-caso-de-brutalidad-policiaca-y-racismo-bakayoko\/","title":{"rendered":"Un nuevo caso de brutalidad policiaca y racismo: Bakayoko"},"content":{"rendered":"\n<p>Un nuevo caso de violencia se dio en el mundo del deporte, pues la ma\u00f1ana de este lunes un video le dio la vuelta al mundo cuando en Mil\u00e1n, Italia, la polic\u00eda una vez m\u00e1s hac\u00eda uso de su poder y fuerza para arrestar a un hombre a las afueras del aeropuerto, mientras su acompa\u00f1ante, quien se encontraba adentro del autom\u00f3vil era apuntado con un arma. Horas m\u00e1s tarde se revel\u00f3 que el arrestado fue el futbolista de AC Mil\u00e1n Ti\u00e9mou\u00e9 Bakayoko y que dicho ultraje hab\u00eda sido un error.<\/p>\n\n\n\n<p>El periodista del medio italiano Sport Italia, Tancredi Palmeri, public\u00f3 en sus redes sociales un video en el que se ve al jugador contra una patrulla de la polic\u00eda, tras lo cual est\u00e1 siendo cateado y otra oficial apunta a una persona dentro del veh\u00edculo que manejaba el futbolista. Bakayoko fue detenido a punta de pistola por la polic\u00eda en Mil\u00e1n, los cuales confundieron al futbolista con un sospechoso en un caso.<br>Tras el reconocimiento, dejaron ir al jugador y a sus acompa\u00f1antes con unas palmadas en la espalda, un final que ha despertado el enfado de los usuarios en redes sociales que lo han tachado de \u201cracista\u201d. Ante esto la polic\u00eda ha justificado lo ocurrido como un control que \u201cse produjo en un contexto operativo que justificaba la adopci\u00f3n de las m\u00e1s altas medidas de seguridad\u201d y que se realiz\u00f3 de forma absolutamente coherente, seg\u00fan recogen los medios italianos.<\/p>\n\n\n\n<p>\u201cEl allanamiento se debi\u00f3 a un tiroteo ocurrido en la zona en las horas previas, y los dos sospechosos eran dos hombres en una camioneta que se ajustaban a la descripci\u00f3n, uno de los dos ten\u00eda una camisa verde\u201d, detall\u00f3 horas m\u00e1s tarde un comunicado de la polic\u00eda estatal con respecto a lo ocurrido en la carretera de la zona de Porta Garibaldi.<\/p>\n\n\n\n<p>Estos hechos que tuvieron lugar el pasado 3 de julio han abierto una vez m\u00e1s el debate acerca del racismo, pues una vez se repite el mismo patr\u00f3n y s\u00f3lo por ser negros se les somete y trata de forma salvaje, como si fuesen delincuentes y hay muchos casos en los que el abuso de la polic\u00eda ha terminado con la vida de los \u201cacusados\u201d. Recordemos que as\u00ed naci\u00f3 el movimiento social \u201cBlack Lives Matter\u201d.<\/p>\n\n\n\n<p>\u201cLas im\u00e1genes de la detenci\u00f3n de Bakayoko sugieren un perfil \u00e9tnico. Una pr\u00e1ctica discriminatoria que en una persona no famosa podr\u00eda haber tenido graves consecuencias\u201d, escribi\u00f3 la ONG Amnist\u00eda Internacional.<\/p>\n\n\n\n<p>Por otra parte, el ex futbolista del Chelsea no ha dado a conocer su postura ante este ultraje.<\/p>\n","protected":false},"excerpt":{"rendered":"<p>Un nuevo caso de violencia se dio en el mundo del deporte, pues la ma\u00f1ana de este lunes un video le dio la vuelta al mundo cuando en Mil\u00e1n, Italia, la polic\u00eda una vez m\u00e1s hac\u00eda uso de su poder y fuerza para arrestar a un hombre a las afueras del aeropuerto, mientras su acompa\u00f1ante, [&hellip;]<\/p>\n","protected":false},"author":4,"featured_media":10227,"comment_status":"open","ping_status":"open","sticky":false,"template":"","format":"standard","meta":{"om_disable_all_campaigns":false,"_monsterinsights_skip_tracking":false,"_monsterinsights_sitenote_active":false,"_monsterinsights_sitenote_note":"","_monsterinsights_sitenote_category":0,"footnotes":""},"categories":[183],"tags":[142],"class_list":["post-10226","post","type-post","status-publish","format-standard","has-post-thumbnail","hentry","category-internacional","tag-sports"],"amp_enabled":true,"_links":{"self":[{"href":"https:\/\/lahora.mx\/index.php\/wp-json\/wp\/v2\/posts\/10226","targetHints":{"allow":["GET"]}}],"collection":[{"href":"https:\/\/lahora.mx\/index.php\/wp-json\/wp\/v2\/posts"}],"about":[{"href":"https:\/\/lahora.mx\/index.php\/wp-json\/wp\/v2\/types\/post"}],"author":[{"embeddable":true,"href":"https:\/\/lahora.mx\/index.php\/wp-json\/wp\/v2\/users\/4"}],"replies":[{"embeddable":true,"href":"https:\/\/lahora.mx\/index.php\/wp-json\/wp\/v2\/comments?post=10226"}],"version-history":[{"count":1,"href":"https:\/\/lahora.mx\/index.php\/wp-json\/wp\/v2\/posts\/10226\/revisions"}],"predecessor-version":[{"id":10228,"href":"https:\/\/lahora.mx\/index.php\/wp-json\/wp\/v2\/posts\/10226\/revisions\/10228"}],"wp:featuredmedia":[{"embeddable":true,"href":"https:\/\/lahora.mx\/index.php\/wp-json\/wp\/v2\/media\/10227"}],"wp:attachment":[{"href":"https:\/\/lahora.mx\/index.php\/wp-json\/wp\/v2\/media?parent=10226"}],"wp:term":[{"taxonomy":"category","embeddable":true,"href":"https:\/\/lahora.mx\/index.php\/wp-json\/wp\/v2\/categories?post=10226"},{"taxonomy":"post_tag","embeddable":true,"href":"https:\/\/lahora.mx\/index.php\/wp-json\/wp\/v2\/tags?post=10226"}],"curies":[{"name":"wp","href":"https:\/\/api.w.org\/{rel}","templated":true}]}}