{"id":10223,"date":"2022-07-18T21:44:40","date_gmt":"2022-07-18T21:44:40","guid":{"rendered":"http:\/\/lahora.mx\/?p=10223"},"modified":"2022-07-18T21:44:40","modified_gmt":"2022-07-18T21:44:40","slug":"en-sesion-de-la-lxi-legislatura-se-aprobo-un-exhorto-para-declarar-como-patrimonio-cultural-intangible-a-las-artesanias-de-piedra-de-cantera","status":"publish","type":"post","link":"https:\/\/lahora.mx\/index.php\/2022\/07\/18\/en-sesion-de-la-lxi-legislatura-se-aprobo-un-exhorto-para-declarar-como-patrimonio-cultural-intangible-a-las-artesanias-de-piedra-de-cantera\/","title":{"rendered":"En sesi\u00f3n de la LXI Legislatura se aprob\u00f3 un exhorto para declarar como \u201cPatrimonio Cultural Intangible\u201d a las artesan\u00edas de piedra de cantera"},"content":{"rendered":"\n<p>En sesi\u00f3n de Pleno de la LXI Legislatura del Congreso del Estado las y los diputados aprobaron el Punto de Acuerdo por el que se exhorta a la Secretar\u00eda de Cultura que las \u201cArtesan\u00edas de piedra de cantera de San Salvador el Seco\u201d se declaren como Patrimonio Cultural Intangible y se les reconozca expresamente como un Bien Constitutivo de Patrimonio Cultural del Estado, en virtud de la importancia de esta expresi\u00f3n art\u00edstica, as\u00ed como una forma de preservar la cultura, promover el empleo y el turismo de este Municipio.<\/p>\n\n\n\n<p>La diputada Karla Rodr\u00edguez Palacios, expuso que dichas artesan\u00edas dotan de identidad al estado y que debe ser reconocida esta riqueza cultural.<\/p>\n\n\n\n<p>Como parte del orden del d\u00eda, las y los diputados avalaron un exhorto dirigido al Instituto Nacional de Antropolog\u00eda e Historia (INAH), con el objetivo de que se avoquen a la protecci\u00f3n, conservaci\u00f3n y recuperaci\u00f3n de la zona arqueol\u00f3gica \u201cLos Cerritos de San Crist\u00f3bal Tepatlaxco\u201d, as\u00ed como la promoci\u00f3n y difusi\u00f3n de esta zona arqueol\u00f3gica para el conocimiento de las y los poblanos.<\/p>\n\n\n\n<p>En otro momento se la sesi\u00f3n las y los legisladores avalaron exhortar a la Secretar\u00eda de Econom\u00eda del Gobierno del Estado, para que, en coordinaci\u00f3n con la Secretar\u00eda de Cultura, se incluyan dentro del programa \u201cTienes Ganas de Puebla\u201d, m\u00f3dulos itinerantes en zonas de alta concurrencia tur\u00edstica, para la venta al p\u00fablico de los productos que las y los emprendedores registrados en dicho programa producen, dando prioridad a los art\u00edculos provenientes de las comunidades ind\u00edgenas. As\u00ed como contemplar la instalaci\u00f3n de estos m\u00f3dulos dentro de las dependencias del estado con mayor concurrencia de personas para realizar tr\u00e1mites.<\/p>\n\n\n\n<p>En otro momento de la sesi\u00f3n, avalaron exhortar a la Secretar\u00eda de Educaci\u00f3n del Estado, para que fortalezca la aplicaci\u00f3n de protocolos sanitarios contra el COVID-19, en el retorno a clases del ciclo escolar 2022-2023, a fin de garantizar el derecho a la salud, la protecci\u00f3n y seguridad de los educandos, docentes, personal administrativo, as\u00ed como el personal que labore en el \u00e1mbito educativo.<\/p>\n\n\n\n<p>Por otro lado, las y los diputados solicitaron un exhorto a la Secretar\u00eda de Educaci\u00f3n del Gobierno del Estado, con el fin de llevar a cabo un programa de supervisi\u00f3n, rehabilitaci\u00f3n, mantenimiento, reforzamiento, reconstrucci\u00f3n y equipamiento de la infraestructura f\u00edsica de los inmuebles destinados a la educaci\u00f3n, con reconocimiento de validez oficial.<\/p>\n\n\n\n<p>Tambi\u00e9n aprobaron un exhorto a la Secretar\u00eda de Educaci\u00f3n del Gobierno del Estado para que se implemente un programa de revisi\u00f3n de mochilas de los educandos de quinto y sexto de primaria, secundaria y bachillerato en apego a los protocolos para la implementaci\u00f3n de acciones para prevenir el ingreso y uso de armas en las escuelas de educaci\u00f3n b\u00e1sica y media superior.<\/p>\n\n\n\n<p>En la misma sesi\u00f3n, las y los diputados avalaron un exhorto a la Secretar\u00eda de Econom\u00eda del Gobierno del Estado, para que promueva jornadas de capacitaci\u00f3n a las y los artesanos, y promocionar sus productos a trav\u00e9s del comercio electr\u00f3nico, as\u00ed como su exportaci\u00f3n, salvaguardando la propiedad cultural de los productos a fin de garantizar un comercio justo.<\/p>\n\n\n\n<p>Por otra parte, las y los diputados avalaron un acuerdo por el cual se exhort\u00f3 a los 217 ayuntamientos, en atenci\u00f3n a lo dispuesto por la Ley de Fomento para la lectura y el Libro y la Ley General de Bibliotecas, y garanticen la instalaci\u00f3n y equipamiento de bibliotecas p\u00fablicas municipales, fortaleciendo su difusi\u00f3n y facilitando su acceso a la ciudadan\u00eda.<\/p>\n\n\n\n<p>Como parte del orden del d\u00eda, las y los diputados del Pleno del Congreso del Estado aprobaron un exhorto por el que se recomend\u00f3 a la Federaci\u00f3n Mexicana de F\u00fatbol y a la Liga BBVA, a reformar y\/o modificar el Reglamento de Seguridad para Partidos Oficiales, para que la seguridad en los estadios corra a cargo de Seguridad P\u00fablica de cada estado.<\/p>\n\n\n\n<p>En otro momento de la sesi\u00f3n, aprobaron un acuerdo presentado por la Comisi\u00f3n de Gobernaci\u00f3n y Puntos Constitucionales, por virtud del cual se solicit\u00f3 exhortar al Municipio de Puebla, para que inicie el estudio de las funciones administrativas que desarrollan las Juntas Auxiliares de San Felipe Hueyotlipan, San Baltazar Campeche, La Libertad, Ignacio Romero Vargas e Ignacio Zaragoza y asuman las funciones que les corresponden conforme a los acuerdos delegatorios por los que fueron creados.<\/p>\n\n\n\n<p>Adem\u00e1s, aprobaron un acuerdo por el que se solicit\u00f3 exhortar a los 217 ayuntamientos del estado, a suscribir la Declaraci\u00f3n de Venecia, en beneficio de las familias poblanas y el logro de los Objetivos del Desarrollo Sostenible de la Agenda 2030.<\/p>\n\n\n\n<p>De igual manera, el Pleno de la LXI Legislatura exhort\u00f3 a la Secretar\u00eda de Medio Ambiente, para implementar acciones de prevenci\u00f3n y cambio clim\u00e1tico provocada por las emisiones de humos, gases, part\u00edculas s\u00f3lidas, ruido, vibraciones, energ\u00eda t\u00e9rmica o lum\u00ednica, olores generados provocados por establecimientos industriales, as\u00ed como por fuentes m\u00f3viles que circulen en la entidad, en los t\u00e9rminos establecidos en la legislaci\u00f3n y en las Normas Oficiales Mexicanas en la materia.<\/p>\n\n\n\n<p>Finalmente, como parte del orden del d\u00eda las y los diputados aprobaron un acuerdo por el que se solicit\u00f3 exhortar al ayuntamiento de San Pedro Cholula, para que a la brevedad se realice la supervisi\u00f3n del mantenimiento de la infraestructura de drenaje, alcantarillado y disposici\u00f3n final de residuos s\u00f3lidos y se lleve a cabo el desazolve y limpieza de este<\/p>\n","protected":false},"excerpt":{"rendered":"<p>En sesi\u00f3n de Pleno de la LXI Legislatura del Congreso del Estado las y los diputados aprobaron el Punto de Acuerdo por el que se exhorta a la Secretar\u00eda de Cultura que las \u201cArtesan\u00edas de piedra de cantera de San Salvador el Seco\u201d se declaren como Patrimonio Cultural Intangible y se les reconozca expresamente como [&hellip;]<\/p>\n","protected":false},"author":4,"featured_media":10224,"comment_status":"open","ping_status":"open","sticky":false,"template":"","format":"standard","meta":{"om_disable_all_campaigns":false,"_monsterinsights_skip_tracking":false,"_monsterinsights_sitenote_active":false,"_monsterinsights_sitenote_note":"","_monsterinsights_sitenote_category":0,"footnotes":""},"categories":[175],"tags":[223],"class_list":["post-10223","post","type-post","status-publish","format-standard","has-post-thumbnail","hentry","category-local","tag-puebla"],"amp_enabled":true,"_links":{"self":[{"href":"https:\/\/lahora.mx\/index.php\/wp-json\/wp\/v2\/posts\/10223","targetHints":{"allow":["GET"]}}],"collection":[{"href":"https:\/\/lahora.mx\/index.php\/wp-json\/wp\/v2\/posts"}],"about":[{"href":"https:\/\/lahora.mx\/index.php\/wp-json\/wp\/v2\/types\/post"}],"author":[{"embeddable":true,"href":"https:\/\/lahora.mx\/index.php\/wp-json\/wp\/v2\/users\/4"}],"replies":[{"embeddable":true,"href":"https:\/\/lahora.mx\/index.php\/wp-json\/wp\/v2\/comments?post=10223"}],"version-history":[{"count":1,"href":"https:\/\/lahora.mx\/index.php\/wp-json\/wp\/v2\/posts\/10223\/revisions"}],"predecessor-version":[{"id":10225,"href":"https:\/\/lahora.mx\/index.php\/wp-json\/wp\/v2\/posts\/10223\/revisions\/10225"}],"wp:featuredmedia":[{"embeddable":true,"href":"https:\/\/lahora.mx\/index.php\/wp-json\/wp\/v2\/media\/10224"}],"wp:attachment":[{"href":"https:\/\/lahora.mx\/index.php\/wp-json\/wp\/v2\/media?parent=10223"}],"wp:term":[{"taxonomy":"category","embeddable":true,"href":"https:\/\/lahora.mx\/index.php\/wp-json\/wp\/v2\/categories?post=10223"},{"taxonomy":"post_tag","embeddable":true,"href":"https:\/\/lahora.mx\/index.php\/wp-json\/wp\/v2\/tags?post=10223"}],"curies":[{"name":"wp","href":"https:\/\/api.w.org\/{rel}","templated":true}]}}