{"id":10210,"date":"2022-07-18T21:09:01","date_gmt":"2022-07-18T21:09:01","guid":{"rendered":"http:\/\/lahora.mx\/?p=10210"},"modified":"2022-07-18T21:09:02","modified_gmt":"2022-07-18T21:09:02","slug":"14-heridos-tras-choque-de-transportes-en-el-centro","status":"publish","type":"post","link":"https:\/\/lahora.mx\/index.php\/2022\/07\/18\/14-heridos-tras-choque-de-transportes-en-el-centro\/","title":{"rendered":"14 heridos tras choque de transportes en el centro"},"content":{"rendered":"\n<p>Un total de 14 lesionados dej\u00f3 el choque entre dos unidades del transporte p\u00fablico y una unidad particular en calles del Centro Hist\u00f3rico de Puebla, donde el accidente gener\u00f3 el cierre de vialidades y la movilizaci\u00f3n de diversos cuerpos de emergencia.<\/p>\n\n\n\n<p>La carambola y posterior volcadura de una de las unidades colectivas involucradas en el hecho de tr\u00e1nsito se registr\u00f3 este 18 de julio alrededor de las 10:20 horas en el cruce de la calle 15 Norte y avenida 2 Poniente.<\/p>\n\n\n\n<p>Ah\u00ed chocaron una combi de la ruta S- 25, la unidad 37 de la ruta 44 A y un veh\u00edculo particular; tras el impacto entre las unidades, la ruta S- 25 volc\u00f3 en el punto.<br>Al menos 14 personas de diversas edades resultaron con varios golpes por lo que testigos llamaron al n\u00famero de emergencias para solicitar la intervenci\u00f3n de los param\u00e9dicos y de los agentes viales del municipio.<\/p>\n\n\n\n<p>T\u00e9cnicos en Urgencias M\u00e9dicas Avanzadas (TUM\u2019s) y peritos as\u00ed como dos gr\u00faas se trasladaron a la zona donde atendieron a los lesionados.<\/p>\n\n\n\n<p>Agentes viales tomaron conocimiento de los hechos y realizaron los peritajes correspondientes para establecer qui\u00e9n fue el responsable de la carambola.<br>Los heridos fueron llevados a un hospital mientras que los conductores y veh\u00edculos involucrados fueron llevados al sector de peritos para que trataran de llegar a un acuerdo reparatorio.<\/p>\n","protected":false},"excerpt":{"rendered":"<p>Un total de 14 lesionados dej\u00f3 el choque entre dos unidades del transporte p\u00fablico y una unidad particular en calles del Centro Hist\u00f3rico de Puebla, donde el accidente gener\u00f3 el cierre de vialidades y la movilizaci\u00f3n de diversos cuerpos de emergencia. La carambola y posterior volcadura de una de las unidades colectivas involucradas en el [&hellip;]<\/p>\n","protected":false},"author":4,"featured_media":10211,"comment_status":"open","ping_status":"open","sticky":false,"template":"","format":"standard","meta":{"om_disable_all_campaigns":false,"_monsterinsights_skip_tracking":false,"_monsterinsights_sitenote_active":false,"_monsterinsights_sitenote_note":"","_monsterinsights_sitenote_category":0,"footnotes":""},"categories":[175],"tags":[195,223],"class_list":["post-10210","post","type-post","status-publish","format-standard","has-post-thumbnail","hentry","category-local","tag-principal","tag-puebla"],"amp_enabled":true,"_links":{"self":[{"href":"https:\/\/lahora.mx\/index.php\/wp-json\/wp\/v2\/posts\/10210","targetHints":{"allow":["GET"]}}],"collection":[{"href":"https:\/\/lahora.mx\/index.php\/wp-json\/wp\/v2\/posts"}],"about":[{"href":"https:\/\/lahora.mx\/index.php\/wp-json\/wp\/v2\/types\/post"}],"author":[{"embeddable":true,"href":"https:\/\/lahora.mx\/index.php\/wp-json\/wp\/v2\/users\/4"}],"replies":[{"embeddable":true,"href":"https:\/\/lahora.mx\/index.php\/wp-json\/wp\/v2\/comments?post=10210"}],"version-history":[{"count":1,"href":"https:\/\/lahora.mx\/index.php\/wp-json\/wp\/v2\/posts\/10210\/revisions"}],"predecessor-version":[{"id":10212,"href":"https:\/\/lahora.mx\/index.php\/wp-json\/wp\/v2\/posts\/10210\/revisions\/10212"}],"wp:featuredmedia":[{"embeddable":true,"href":"https:\/\/lahora.mx\/index.php\/wp-json\/wp\/v2\/media\/10211"}],"wp:attachment":[{"href":"https:\/\/lahora.mx\/index.php\/wp-json\/wp\/v2\/media?parent=10210"}],"wp:term":[{"taxonomy":"category","embeddable":true,"href":"https:\/\/lahora.mx\/index.php\/wp-json\/wp\/v2\/categories?post=10210"},{"taxonomy":"post_tag","embeddable":true,"href":"https:\/\/lahora.mx\/index.php\/wp-json\/wp\/v2\/tags?post=10210"}],"curies":[{"name":"wp","href":"https:\/\/api.w.org\/{rel}","templated":true}]}}