{"id":10204,"date":"2022-07-18T20:54:37","date_gmt":"2022-07-18T20:54:37","guid":{"rendered":"http:\/\/lahora.mx\/?p=10204"},"modified":"2022-07-18T20:54:38","modified_gmt":"2022-07-18T20:54:38","slug":"es-detenido-un-quinto-implicado-en-linchamiento-de-los-angeles-tetela","status":"publish","type":"post","link":"https:\/\/lahora.mx\/index.php\/2022\/07\/18\/es-detenido-un-quinto-implicado-en-linchamiento-de-los-angeles-tetela\/","title":{"rendered":"Es detenido un quinto implicado en linchamiento de Los \u00c1ngeles Tetela"},"content":{"rendered":"\n<p>En seguimiento al doble homicidio ocurrido en la localidad de Los \u00c1ngeles Tetela, la Fiscal\u00eda General del Estado de Puebla aprehendi\u00f3 y obtuvo la vinculaci\u00f3n a proceso de Leonel N. alias \u201cEl J\u00edcaras\u201d.<\/p>\n\n\n\n<p>Con base en actos de investigaci\u00f3n, la Instituci\u00f3n estableci\u00f3 que Leonel N. habr\u00eda participado junto con Carmelo N. alias \u201cEl Giro\u201d, Pedro N. alias \u201cEl Tiz\u00f3n\u201d, Pedro N. y Rafael N. alias \u201cEl Bicho\u201d en la privaci\u00f3n de la vida de dos hombres el 5 de mayo de 2020.<\/p>\n\n\n\n<p>Presuntamente los cinco imputados incitaron a pobladores de la regi\u00f3n para golpear a las v\u00edctimas y prenderles fuego cerca de un veh\u00edculo Volkswagen Polo.<\/p>\n\n\n\n<p>Por ello, Carmelo N., Pedro N., Pedro N. y Rafael N. fueron detenidos por agentes investigadores y vinculados a proceso en junio de 2020.<\/p>\n\n\n\n<p>Al identificar a Leonel N. como quinto part\u00edcipe en el delito de homicidio calificado, la Fiscal\u00eda General del Estado de Puebla lo aprehendi\u00f3 y present\u00f3 ante la autoridad judicial, logrando obtener su vinculaci\u00f3n a proceso con la medida cautelar de prisi\u00f3n preventiva oficiosa.<\/p>\n","protected":false},"excerpt":{"rendered":"<p>En seguimiento al doble homicidio ocurrido en la localidad de Los \u00c1ngeles Tetela, la Fiscal\u00eda General del Estado de Puebla aprehendi\u00f3 y obtuvo la vinculaci\u00f3n a proceso de Leonel N. alias \u201cEl J\u00edcaras\u201d. Con base en actos de investigaci\u00f3n, la Instituci\u00f3n estableci\u00f3 que Leonel N. habr\u00eda participado junto con Carmelo N. alias \u201cEl Giro\u201d, Pedro [&hellip;]<\/p>\n","protected":false},"author":4,"featured_media":10205,"comment_status":"open","ping_status":"open","sticky":false,"template":"","format":"standard","meta":{"om_disable_all_campaigns":false,"_monsterinsights_skip_tracking":false,"_monsterinsights_sitenote_active":false,"_monsterinsights_sitenote_note":"","_monsterinsights_sitenote_category":0,"footnotes":""},"categories":[175],"tags":[223],"class_list":["post-10204","post","type-post","status-publish","format-standard","has-post-thumbnail","hentry","category-local","tag-puebla"],"amp_enabled":true,"_links":{"self":[{"href":"https:\/\/lahora.mx\/index.php\/wp-json\/wp\/v2\/posts\/10204","targetHints":{"allow":["GET"]}}],"collection":[{"href":"https:\/\/lahora.mx\/index.php\/wp-json\/wp\/v2\/posts"}],"about":[{"href":"https:\/\/lahora.mx\/index.php\/wp-json\/wp\/v2\/types\/post"}],"author":[{"embeddable":true,"href":"https:\/\/lahora.mx\/index.php\/wp-json\/wp\/v2\/users\/4"}],"replies":[{"embeddable":true,"href":"https:\/\/lahora.mx\/index.php\/wp-json\/wp\/v2\/comments?post=10204"}],"version-history":[{"count":1,"href":"https:\/\/lahora.mx\/index.php\/wp-json\/wp\/v2\/posts\/10204\/revisions"}],"predecessor-version":[{"id":10206,"href":"https:\/\/lahora.mx\/index.php\/wp-json\/wp\/v2\/posts\/10204\/revisions\/10206"}],"wp:featuredmedia":[{"embeddable":true,"href":"https:\/\/lahora.mx\/index.php\/wp-json\/wp\/v2\/media\/10205"}],"wp:attachment":[{"href":"https:\/\/lahora.mx\/index.php\/wp-json\/wp\/v2\/media?parent=10204"}],"wp:term":[{"taxonomy":"category","embeddable":true,"href":"https:\/\/lahora.mx\/index.php\/wp-json\/wp\/v2\/categories?post=10204"},{"taxonomy":"post_tag","embeddable":true,"href":"https:\/\/lahora.mx\/index.php\/wp-json\/wp\/v2\/tags?post=10204"}],"curies":[{"name":"wp","href":"https:\/\/api.w.org\/{rel}","templated":true}]}}