{"id":10194,"date":"2022-07-18T20:44:27","date_gmt":"2022-07-18T20:44:27","guid":{"rendered":"http:\/\/lahora.mx\/?p=10194"},"modified":"2022-07-18T20:44:28","modified_gmt":"2022-07-18T20:44:28","slug":"hombre-violo-a-su-hijastra-y-sustrajo-a-sus-hijas-en-puebla","status":"publish","type":"post","link":"https:\/\/lahora.mx\/index.php\/2022\/07\/18\/hombre-violo-a-su-hijastra-y-sustrajo-a-sus-hijas-en-puebla\/","title":{"rendered":"Hombre viol\u00f3 a su hijastra y sustrajo a sus hijas en Puebla"},"content":{"rendered":"\n<p>Miriam sali\u00f3 de una relaci\u00f3n violenta con la esperanza de volver a enamorarse y de encontrar un hombre que la apoyara con una hija de su anterior pareja, al parecer sus sue\u00f1os se cumplieron cuando conoci\u00f3 a Ram\u00f3n. Todo iba bien hasta que \u00e9l se torn\u00f3 violento y sustrajo a dos de sus tres hijas de manera ilegal. En suma, este hombre viol\u00f3 a la ni\u00f1a mayor cuando ten\u00eda 14 a\u00f1os.<\/p>\n\n\n\n<p>Miriam V\u00e1squez es de Huauchinango, su anterior relaci\u00f3n dur\u00f3 11 a\u00f1os, pero no le fue nada bien, pues era un hombre violento. Con el af\u00e1n de buscar una mejor vida para su hija de nombre Andrea, se separ\u00f3. Pas\u00f3 el tiempo y conoci\u00f3 a Ram\u00f3n, un comerciante que le prometi\u00f3 un futuro estable y le jur\u00f3 que se convertir\u00eda en el padrastro amoroso que Andrea necesitaba.<\/p>\n\n\n\n<p>Pasaron los a\u00f1os, tuvo dos hijas con Ram\u00f3n: Jimena y Jianny. Miriam crey\u00f3 que ten\u00eda todo lo que una vez le pidi\u00f3 a Dios: un hombre trabajador, un hombre que cuidaba a su hija mayor (aunque no era su padre) y ten\u00eda otras dos ni\u00f1as sanas y hermosas. Pero de un momento a otro, Ram\u00f3n cambi\u00f3 y nuevamente la violencia se hizo presente en su vida.<\/p>\n\n\n\n<p>\u201cNosotros viv\u00edamos a una calle del centro de Huauchinango y muy cerca del mercado y yo ya no pod\u00eda ir, \u00bfque a qu\u00e9 iba?, tambi\u00e9n me prohibi\u00f3 ir a reuniones familiares dici\u00e9ndome que ten\u00eda comida en mi casa, que no hab\u00eda necesidad que fuera. No pod\u00eda ir a ver a mi abuelita y me fue enfrascando en una relaci\u00f3n en donde \u00e9l decid\u00eda todo lo que hac\u00eda\u201d, comparti\u00f3.<\/p>\n\n\n\n<p>Denuncian de violaci\u00f3n a padrastro<br>Con el paso de los meses su hija mayor result\u00f3 embarazada y Ram\u00f3n le dijo que el padre era uno de sus trabajadores. No sab\u00eda que pronto iba a vivir una pesadilla, pues el padre del beb\u00e9 no era ning\u00fan trabajador, sino que result\u00f3 ser el propio Ram\u00f3n y fue producto de una violaci\u00f3n.<\/p>\n\n\n\n<p>El 2 de marzo de este a\u00f1o Miriam interpuso una denuncia por violaci\u00f3n, ya que, a consecuencia de esta agresi\u00f3n, Andrea tuvo una beb\u00e9. Sin embargo, cuando present\u00f3 la denuncia por estos hechos, las autoridades se limitaron a decirle que no hab\u00eda delito que perseguir, que, si su hija estaba con \u00e9l, era porque ella quer\u00eda.<\/p>\n\n\n\n<p>\u201c\u00bfC\u00f3mo es posible que a la Fiscal\u00eda de Puebla le parezca normal que un hombre de 48 a\u00f1os utilice la relaci\u00f3n de poder que tiene con una adolescente al fungir como pareja de la madre, para vincularse afectivamente con la hija, hasta lograr un embarazo adolescente?\u201d, cuestion\u00f3.<\/p>\n\n\n\n<p>Ram\u00f3n se enoj\u00f3 tanto de dicha denuncia que se llev\u00f3 de manera ilegal a sus hijas mayores, Andrea (su hijastra) con su beb\u00e9 y a Jimena, no se llev\u00f3 a Jianny porque le dijo \u201cque nunca la quiso, pero que a las otras s\u00ed\u201d.<\/p>\n\n\n\n<p>El sujeto le dijo que quitara la denuncia a cambio de volver a ver a sus hijas. Actualmente Miriam desconoce el paradero de las ni\u00f1as y teme por que \u00e9l siga violentando a su hija adolescente y comience a violentar a su otra hija.<\/p>\n\n\n\n<p>Referente a la sustracci\u00f3n de menores, tambi\u00e9n interpuso una denuncia, pero la Fiscal\u00eda se limit\u00f3 a decir que \u201cellas est\u00e1n con su pap\u00e1\u201d, aunque no es pap\u00e1 de todas y que tiene derecho a llev\u00e1rselas. Incluso que, si quiere que se las regrese, que entonces investigue d\u00f3nde se encuentran y vaya por sus propios medios<\/p>\n\n\n\n<p>Tambi\u00e9n ya hay una queja ante la Comisi\u00f3n de Derechos Humanos del Estado de Puebla (CDH) porque a pesar de todo lo anterior no se ha emitido Alerta Amber por ni una de las menores.<\/p>\n\n\n\n<p>Es por ello que este 18 de julio Miriam acudi\u00f3 a la FGE para exigir que se haga justicia, que agilicen las dos investigaciones que est\u00e1n en curso y que encuentren a sus hijas. Asimismo, adelant\u00f3 que pronto acudir\u00e1 a denunciar por presunta violencia vicaria.<\/p>\n","protected":false},"excerpt":{"rendered":"<p>Miriam sali\u00f3 de una relaci\u00f3n violenta con la esperanza de volver a enamorarse y de encontrar un hombre que la apoyara con una hija de su anterior pareja, al parecer sus sue\u00f1os se cumplieron cuando conoci\u00f3 a Ram\u00f3n. Todo iba bien hasta que \u00e9l se torn\u00f3 violento y sustrajo a dos de sus tres hijas [&hellip;]<\/p>\n","protected":false},"author":4,"featured_media":10196,"comment_status":"open","ping_status":"open","sticky":false,"template":"","format":"standard","meta":{"om_disable_all_campaigns":false,"_monsterinsights_skip_tracking":false,"_monsterinsights_sitenote_active":false,"_monsterinsights_sitenote_note":"","_monsterinsights_sitenote_category":0,"footnotes":""},"categories":[175],"tags":[223],"class_list":["post-10194","post","type-post","status-publish","format-standard","has-post-thumbnail","hentry","category-local","tag-puebla"],"amp_enabled":true,"_links":{"self":[{"href":"https:\/\/lahora.mx\/index.php\/wp-json\/wp\/v2\/posts\/10194","targetHints":{"allow":["GET"]}}],"collection":[{"href":"https:\/\/lahora.mx\/index.php\/wp-json\/wp\/v2\/posts"}],"about":[{"href":"https:\/\/lahora.mx\/index.php\/wp-json\/wp\/v2\/types\/post"}],"author":[{"embeddable":true,"href":"https:\/\/lahora.mx\/index.php\/wp-json\/wp\/v2\/users\/4"}],"replies":[{"embeddable":true,"href":"https:\/\/lahora.mx\/index.php\/wp-json\/wp\/v2\/comments?post=10194"}],"version-history":[{"count":1,"href":"https:\/\/lahora.mx\/index.php\/wp-json\/wp\/v2\/posts\/10194\/revisions"}],"predecessor-version":[{"id":10197,"href":"https:\/\/lahora.mx\/index.php\/wp-json\/wp\/v2\/posts\/10194\/revisions\/10197"}],"wp:featuredmedia":[{"embeddable":true,"href":"https:\/\/lahora.mx\/index.php\/wp-json\/wp\/v2\/media\/10196"}],"wp:attachment":[{"href":"https:\/\/lahora.mx\/index.php\/wp-json\/wp\/v2\/media?parent=10194"}],"wp:term":[{"taxonomy":"category","embeddable":true,"href":"https:\/\/lahora.mx\/index.php\/wp-json\/wp\/v2\/categories?post=10194"},{"taxonomy":"post_tag","embeddable":true,"href":"https:\/\/lahora.mx\/index.php\/wp-json\/wp\/v2\/tags?post=10194"}],"curies":[{"name":"wp","href":"https:\/\/api.w.org\/{rel}","templated":true}]}}