{"id":10138,"date":"2022-07-18T01:11:48","date_gmt":"2022-07-18T01:11:48","guid":{"rendered":"http:\/\/lahora.mx\/?p=10138"},"modified":"2022-07-18T01:11:50","modified_gmt":"2022-07-18T01:11:50","slug":"la-remodelacion-del-mercado-de-amalucan-ya-esta-en-marcha","status":"publish","type":"post","link":"https:\/\/lahora.mx\/index.php\/2022\/07\/18\/la-remodelacion-del-mercado-de-amalucan-ya-esta-en-marcha\/","title":{"rendered":"La remodelaci\u00f3n del mercado de Amalucan ya est\u00e1 en marcha"},"content":{"rendered":"\n<p>Tal y como se comprometi\u00f3 Eduardo Rivera P\u00e9rez, Presidente Municipal de Puebla, comenzaron los trabajos de remodelaci\u00f3n en el mercado Amalucan; obra que dar\u00e1 soluci\u00f3n a las principales necesidades de mantenimiento, para que tanto locatarios como usuarios de este centro de abasto puedan gozar de un espacio m\u00e1s digno, seguro y limpio.<\/p>\n\n\n\n<p>Obra que urg\u00eda y estuvo en espera por mucho tiempo, ya que la anterior administraci\u00f3n anunci\u00f3 su reparaci\u00f3n en conjunto con la Secretar\u00eda de Desarrollo Agrario, Territorial y Urbano (SEDATU); sin embargo, los trabajos no se llevaron a cabo derivado de inconformidades en las acciones que se realizar\u00edan y por la manera en que desalojaron a varios locatarios.<\/p>\n\n\n\n<p>Es as\u00ed que el recurso federal destinado a este mantenimiento se perdi\u00f3 y no lleg\u00f3 al mercado de Amalucan.<\/p>\n\n\n\n<p>Ante dicho panorama uno de los principales compromisos de Eduardo Rivera P\u00e9rez al llegar al Gobierno Municipal fue brindar soluci\u00f3n a este tema, a trav\u00e9s del di\u00e1logo se acord\u00f3 destinar recursos por 14 millones de pesos, inversi\u00f3n que permiti\u00f3 que a partir del 12 de julio las labores de recuperaci\u00f3n est\u00e9n en marcha.<\/p>\n\n\n\n<p>El inmueble contar\u00e1 con mantenimiento y rehabilitaci\u00f3n el\u00e9ctrica y de pintura, las cuales estar\u00e1n a cargo de la empresa \u00ab3 M\u00e1s Arquitectura, S.A. de C.V.\u00bb y durar\u00e1n aproximadamente tres meses, 40 trabajadores, entre t\u00e9cnicos y residentes est\u00e1n rehabilitando este punto de compra de varias familias poblanas.<\/p>\n","protected":false},"excerpt":{"rendered":"<p>Tal y como se comprometi\u00f3 Eduardo Rivera P\u00e9rez, Presidente Municipal de Puebla, comenzaron los trabajos de remodelaci\u00f3n en el mercado Amalucan; obra que dar\u00e1 soluci\u00f3n a las principales necesidades de mantenimiento, para que tanto locatarios como usuarios de este centro de abasto puedan gozar de un espacio m\u00e1s digno, seguro y limpio. Obra que urg\u00eda [&hellip;]<\/p>\n","protected":false},"author":4,"featured_media":10139,"comment_status":"open","ping_status":"open","sticky":false,"template":"","format":"standard","meta":{"om_disable_all_campaigns":false,"_monsterinsights_skip_tracking":false,"_monsterinsights_sitenote_active":false,"_monsterinsights_sitenote_note":"","_monsterinsights_sitenote_category":0,"footnotes":""},"categories":[175],"tags":[223],"class_list":["post-10138","post","type-post","status-publish","format-standard","has-post-thumbnail","hentry","category-local","tag-puebla"],"amp_enabled":true,"_links":{"self":[{"href":"https:\/\/lahora.mx\/index.php\/wp-json\/wp\/v2\/posts\/10138","targetHints":{"allow":["GET"]}}],"collection":[{"href":"https:\/\/lahora.mx\/index.php\/wp-json\/wp\/v2\/posts"}],"about":[{"href":"https:\/\/lahora.mx\/index.php\/wp-json\/wp\/v2\/types\/post"}],"author":[{"embeddable":true,"href":"https:\/\/lahora.mx\/index.php\/wp-json\/wp\/v2\/users\/4"}],"replies":[{"embeddable":true,"href":"https:\/\/lahora.mx\/index.php\/wp-json\/wp\/v2\/comments?post=10138"}],"version-history":[{"count":1,"href":"https:\/\/lahora.mx\/index.php\/wp-json\/wp\/v2\/posts\/10138\/revisions"}],"predecessor-version":[{"id":10140,"href":"https:\/\/lahora.mx\/index.php\/wp-json\/wp\/v2\/posts\/10138\/revisions\/10140"}],"wp:featuredmedia":[{"embeddable":true,"href":"https:\/\/lahora.mx\/index.php\/wp-json\/wp\/v2\/media\/10139"}],"wp:attachment":[{"href":"https:\/\/lahora.mx\/index.php\/wp-json\/wp\/v2\/media?parent=10138"}],"wp:term":[{"taxonomy":"category","embeddable":true,"href":"https:\/\/lahora.mx\/index.php\/wp-json\/wp\/v2\/categories?post=10138"},{"taxonomy":"post_tag","embeddable":true,"href":"https:\/\/lahora.mx\/index.php\/wp-json\/wp\/v2\/tags?post=10138"}],"curies":[{"name":"wp","href":"https:\/\/api.w.org\/{rel}","templated":true}]}}