{"id":10135,"date":"2022-07-18T01:06:36","date_gmt":"2022-07-18T01:06:36","guid":{"rendered":"http:\/\/lahora.mx\/?p=10135"},"modified":"2022-07-18T01:07:27","modified_gmt":"2022-07-18T01:07:27","slug":"puebla-presente-en-la-segunda-asamblea-de-la-asociacion-nacional-de-ciudades-mexicanas-patrimonio-mundial","status":"publish","type":"post","link":"https:\/\/lahora.mx\/index.php\/2022\/07\/18\/puebla-presente-en-la-segunda-asamblea-de-la-asociacion-nacional-de-ciudades-mexicanas-patrimonio-mundial\/","title":{"rendered":"Puebla, presente en la segunda asamblea de la asociaci\u00f3n nacional de ciudades mexicanas patrimonio mundial"},"content":{"rendered":"\n<p>La Asociaci\u00f3n Nacional de Ciudades Mexicanas del Patrimonio Mundial (ANCMPM) celebr\u00f3 su segunda asamblea anual en Guanajuato, donde Puebla capital destac\u00f3 al presentar sus proyectos de difusi\u00f3n cultural y de promoci\u00f3n tur\u00edstica en torno al rescate del Centro Hist\u00f3rico.<\/p>\n\n\n\n<p>Precisamente, durante el foro \u201cImportancia de los Barrios en la Conservaci\u00f3n de los Centros Hist\u00f3ricos\u201d, se enaltecieron las bondades y alcances de \u201cCasa Abierta\u201d, una iniciativa itinerante que ha impulsado la Administraci\u00f3n de Eduardo Rivera P\u00e9rez para fomentar la participaci\u00f3n ciudadana en las pol\u00edticas p\u00fablicas de mejoramiento urbano al patrimonio edificado en San Antonio, El Refugio y La Luz, para as\u00ed alcanzar la apropiaci\u00f3n simb\u00f3lica de estos espacios desde su base comunitaria.<\/p>\n\n\n\n<p>Fue Berenice Vidal Castel\u00e1n, Gerente del Centro Hist\u00f3rico y Patrimonio Cultural, la encargada de compartir este y el proyecto de la Gu\u00eda Gastron\u00f3mica de las Ciudades Mexicanas Patrimonio Mundial \u2013editada por la propia ANCMPM y por el Instituto Nacional de Antropolog\u00eda e Historia\u2014, el cual ofrece un viaje culinario entre platillos t\u00edpicos de cocinas tradicionales, donde destacan las recetas poblanas del chile en nogada, el mole, la chalupa y la cemita.<\/p>\n\n\n\n<p>Con la participaci\u00f3n activa de Puebla ante la Asociaci\u00f3n Nacional de Ciudades Mexicanas del Patrimonio Mundial, se reitera el compromiso por seguir generando acciones en favor de la conservaci\u00f3n y promoci\u00f3n del patrimonio cultural, aprovechando las sinergias que se tienen con otras urbes para enriquecer el dise\u00f1o de pol\u00edticas p\u00fablicas.<\/p>\n","protected":false},"excerpt":{"rendered":"<p>La Asociaci\u00f3n Nacional de Ciudades Mexicanas del Patrimonio Mundial (ANCMPM) celebr\u00f3 su segunda asamblea anual en Guanajuato, donde Puebla capital destac\u00f3 al presentar sus proyectos de difusi\u00f3n cultural y de promoci\u00f3n tur\u00edstica en torno al rescate del Centro Hist\u00f3rico. Precisamente, durante el foro \u201cImportancia de los Barrios en la Conservaci\u00f3n de los Centros Hist\u00f3ricos\u201d, se [&hellip;]<\/p>\n","protected":false},"author":4,"featured_media":10136,"comment_status":"open","ping_status":"open","sticky":false,"template":"","format":"standard","meta":{"om_disable_all_campaigns":false,"_monsterinsights_skip_tracking":false,"_monsterinsights_sitenote_active":false,"_monsterinsights_sitenote_note":"","_monsterinsights_sitenote_category":0,"footnotes":""},"categories":[175],"tags":[],"class_list":["post-10135","post","type-post","status-publish","format-standard","has-post-thumbnail","hentry","category-local"],"amp_enabled":true,"_links":{"self":[{"href":"https:\/\/lahora.mx\/index.php\/wp-json\/wp\/v2\/posts\/10135","targetHints":{"allow":["GET"]}}],"collection":[{"href":"https:\/\/lahora.mx\/index.php\/wp-json\/wp\/v2\/posts"}],"about":[{"href":"https:\/\/lahora.mx\/index.php\/wp-json\/wp\/v2\/types\/post"}],"author":[{"embeddable":true,"href":"https:\/\/lahora.mx\/index.php\/wp-json\/wp\/v2\/users\/4"}],"replies":[{"embeddable":true,"href":"https:\/\/lahora.mx\/index.php\/wp-json\/wp\/v2\/comments?post=10135"}],"version-history":[{"count":1,"href":"https:\/\/lahora.mx\/index.php\/wp-json\/wp\/v2\/posts\/10135\/revisions"}],"predecessor-version":[{"id":10137,"href":"https:\/\/lahora.mx\/index.php\/wp-json\/wp\/v2\/posts\/10135\/revisions\/10137"}],"wp:featuredmedia":[{"embeddable":true,"href":"https:\/\/lahora.mx\/index.php\/wp-json\/wp\/v2\/media\/10136"}],"wp:attachment":[{"href":"https:\/\/lahora.mx\/index.php\/wp-json\/wp\/v2\/media?parent=10135"}],"wp:term":[{"taxonomy":"category","embeddable":true,"href":"https:\/\/lahora.mx\/index.php\/wp-json\/wp\/v2\/categories?post=10135"},{"taxonomy":"post_tag","embeddable":true,"href":"https:\/\/lahora.mx\/index.php\/wp-json\/wp\/v2\/tags?post=10135"}],"curies":[{"name":"wp","href":"https:\/\/api.w.org\/{rel}","templated":true}]}}