{"id":10128,"date":"2022-07-17T18:19:11","date_gmt":"2022-07-17T18:19:11","guid":{"rendered":"http:\/\/lahora.mx\/?p=10128"},"modified":"2022-07-17T18:19:12","modified_gmt":"2022-07-17T18:19:12","slug":"arzobispo-de-puebla-pide-por-las-victimas-de-la-violencia","status":"publish","type":"post","link":"https:\/\/lahora.mx\/index.php\/2022\/07\/17\/arzobispo-de-puebla-pide-por-las-victimas-de-la-violencia\/","title":{"rendered":"Arzobispo de Puebla pide por las v\u00edctimas de la violencia"},"content":{"rendered":"\n<p>V\u00edctor S\u00e1nchez Espinosa, arzobispo de Puebla, ofreci\u00f3 la misa de este domingo por los fallecidos v\u00edctimas de la violencia en el estado y en el pa\u00eds.<br><\/p>\n\n\n\n<p>\u201cLe pido a Dios por todas estas familias que est\u00e1n sufriendo por lo que estamos viviendo en nuestro pa\u00eds. Tenemos que seguir pidiendo por la paz en nuestra patria\u201d, dijo al oficiar la misa desde la Catedral de Puebla.<\/p>\n\n\n\n<p>Durante su homil\u00eda, frente a los fieles que portaron im\u00e1genes de sus familiares, el pastor de la iglesia cat\u00f3lica en Puebla les pidi\u00f3 no dejar de pedir por la paz en M\u00e9xico \u201cdonde se est\u00e1n viviendo tiempos dif\u00edciles de inseguridad y de violencia\u201d.<br><\/p>\n\n\n\n<p>Invit\u00f3 a todos a pasar a la acci\u00f3n y ser mensajeros de paz, reconociendo que no es f\u00e1cil tanto sufrimiento que viven quienes tienen a un ser querido que ha desaparecido o muerto.<\/p>\n\n\n\n<p>\u201cNo es f\u00e1cil desde el punto de vista humano, pero su dolor y sufrimiento tiene que abonar para que reine la paz en nuestra patria, en nuestras familias y en nuestra sociedad\u201d, insisti\u00f3.<\/p>\n\n\n\n<p>S\u00e1nchez Espinosa mencion\u00f3 que como creyentes y como ciudadanos tambi\u00e9n hay que cuestionarse qu\u00e9 puedo hacer o de qu\u00e9 manera puedo contribuir para esa paz y conseguir una sociedad m\u00e1s justa y humana.<br><\/p>\n\n\n\n<p>Record\u00f3 que continuar\u00e1n con la campa\u00f1a permanente de oraci\u00f3n por la paz que han desarrollado en todos los templos cat\u00f3licos a lo largo del mes de julio a favor de la patria.<\/p>\n\n\n\n<p>Al finalizar la celebraci\u00f3n dominical, cerca de 10 familias, portando las im\u00e1genes de sus hijos muertos o desaparecidos, formaron una fila al centro de la Catedral, donde recibieron una oraci\u00f3n y bendici\u00f3n especial por parte del Arzobispo de Puebla.<\/p>\n","protected":false},"excerpt":{"rendered":"<p>V\u00edctor S\u00e1nchez Espinosa, arzobispo de Puebla, ofreci\u00f3 la misa de este domingo por los fallecidos v\u00edctimas de la violencia en el estado y en el pa\u00eds. \u201cLe pido a Dios por todas estas familias que est\u00e1n sufriendo por lo que estamos viviendo en nuestro pa\u00eds. Tenemos que seguir pidiendo por la paz en nuestra patria\u201d, [&hellip;]<\/p>\n","protected":false},"author":4,"featured_media":10129,"comment_status":"open","ping_status":"open","sticky":false,"template":"","format":"standard","meta":{"om_disable_all_campaigns":false,"_monsterinsights_skip_tracking":false,"_monsterinsights_sitenote_active":false,"_monsterinsights_sitenote_note":"","_monsterinsights_sitenote_category":0,"footnotes":""},"categories":[175],"tags":[],"class_list":["post-10128","post","type-post","status-publish","format-standard","has-post-thumbnail","hentry","category-local"],"amp_enabled":true,"_links":{"self":[{"href":"https:\/\/lahora.mx\/index.php\/wp-json\/wp\/v2\/posts\/10128","targetHints":{"allow":["GET"]}}],"collection":[{"href":"https:\/\/lahora.mx\/index.php\/wp-json\/wp\/v2\/posts"}],"about":[{"href":"https:\/\/lahora.mx\/index.php\/wp-json\/wp\/v2\/types\/post"}],"author":[{"embeddable":true,"href":"https:\/\/lahora.mx\/index.php\/wp-json\/wp\/v2\/users\/4"}],"replies":[{"embeddable":true,"href":"https:\/\/lahora.mx\/index.php\/wp-json\/wp\/v2\/comments?post=10128"}],"version-history":[{"count":1,"href":"https:\/\/lahora.mx\/index.php\/wp-json\/wp\/v2\/posts\/10128\/revisions"}],"predecessor-version":[{"id":10130,"href":"https:\/\/lahora.mx\/index.php\/wp-json\/wp\/v2\/posts\/10128\/revisions\/10130"}],"wp:featuredmedia":[{"embeddable":true,"href":"https:\/\/lahora.mx\/index.php\/wp-json\/wp\/v2\/media\/10129"}],"wp:attachment":[{"href":"https:\/\/lahora.mx\/index.php\/wp-json\/wp\/v2\/media?parent=10128"}],"wp:term":[{"taxonomy":"category","embeddable":true,"href":"https:\/\/lahora.mx\/index.php\/wp-json\/wp\/v2\/categories?post=10128"},{"taxonomy":"post_tag","embeddable":true,"href":"https:\/\/lahora.mx\/index.php\/wp-json\/wp\/v2\/tags?post=10128"}],"curies":[{"name":"wp","href":"https:\/\/api.w.org\/{rel}","templated":true}]}}