{"id":10125,"date":"2022-07-17T18:16:52","date_gmt":"2022-07-17T18:16:52","guid":{"rendered":"http:\/\/lahora.mx\/?p=10125"},"modified":"2022-07-17T18:16:52","modified_gmt":"2022-07-17T18:16:52","slug":"medidas-contra-ambulantes-en-el-centro-son-respaldadas-por-empresarios","status":"publish","type":"post","link":"https:\/\/lahora.mx\/index.php\/2022\/07\/17\/medidas-contra-ambulantes-en-el-centro-son-respaldadas-por-empresarios\/","title":{"rendered":"Medidas contra ambulantes en el Centro son respaldadas por empresarios"},"content":{"rendered":"\n<p>Una herencia que pasa de administraci\u00f3n en administraci\u00f3n municipal es el comercio informal en las calles del Centro Hist\u00f3rico de Puebla.<\/p>\n\n\n\n<p>No obstante, el presidente municipal Eduardo Rivera P\u00e9rez, desde el inicio de su gesti\u00f3n, inici\u00f3 con el reordenamiento del comercio informal en esa zona, dejando libre la calle 5 de Mayo y sus alrededores por medio de operativos permanentes y mesas de di\u00e1logo con informales.<\/p>\n\n\n\n<p>Sin embargo, ambulantes inconformes se instalaron el pasado 7 de julio en calles del Centro, por lo que se dio un enfrentamiento derivado del decomiso de mercanc\u00eda por parte de las autoridades y la negativa de los informales de retirarse.<\/p>\n\n\n\n<p>Desde entonces, los ambulantes han hecho manifestaciones pac\u00edficas para que se les permita regresar a la 5 de Mayo, asegurando que es su \u00fanica fuente de ingresos para el sustento de sus familias.<\/p>\n\n\n\n<p>Jorge Cruz Lepe, secretario de Gobernaci\u00f3n Municipal, asever\u00f3 que el ayuntamiento de Puebla no ceder\u00e1 ante presiones y no dar\u00e1 un paso atr\u00e1s en el reordenamiento comercial.<br>Se\u00f1al\u00f3 que la v\u00eda p\u00fablica es de todos y no de un grupo, por lo que los operativos continuar\u00e1n el tiempo que sea necesario, ya que \u201clas calles del Centro Hist\u00f3rico no est\u00e1n a negociaci\u00f3n\u201d.<br><br><\/p>\n\n\n\n<p>PROBLEMA RECURRENTE<br>En 2021 ocurrieron dos incidentes similares. Uno en noviembre, cuando grupos de ambulantes protagonizaron en enfrentamiento que termin\u00f3 en una balacera en las inmediaciones del Mercado 5 de Mayo.<\/p>\n\n\n\n<p>Antes, en mayo hubo una ri\u00f1a entre ambulantes que dej\u00f3 heridos y oblig\u00f3 a comerciantes formales a bajar sus cortinas, por el temor de resultar afectados.<\/p>\n\n\n\n<p>RESPALDO TOTAL<br>Las c\u00e1maras empresariales de Puebla respaldaron las acciones emprendidas por el gobierno municipal para mantener el orden del Centro Hist\u00f3rico, pues es un problema que no hab\u00eda sido atendido de manera eficaz como hasta ahora.<br><\/p>\n\n\n\n<p>La C\u00e1mara Nacional de la Industria de Restaurantes y Alimentos Condimentados (Canirac), representada por Carlos Azomoza Alacio, calific\u00f3 como oportuna la intervenci\u00f3n de la comuna para evitar que siga creciendo el comercio informal, que genera competencia desleal y no ayuda a la recuperaci\u00f3n econ\u00f3mica de los negocios normales afectados por la pandemia.<\/p>\n\n\n\n<p>Rub\u00e9n Furlong Mart\u00ednez, presidente de la Coparmex Puebla, reconoci\u00f3 el esfuerzo conjunto entre autoridades para mantener la seguridad de las familias y turistas ante este reto.<\/p>\n\n\n\n<p>Marco Pr\u00f3speri Calder\u00f3n, presidente de la Canaco Puebla, y Jos\u00e9 Juan Ayala V\u00e1zquez, presidente del Consejo de Comerciantes del Centro Hist\u00f3rico (CCCH), se\u00f1alaron que es necesario que el comercio informal acate lo establecido en el Coremun y no se permita su regreso a las calles.<\/p>\n\n\n\n<p>No obstante, Ayala V\u00e1zquez remarc\u00f3 que, aunque se ha liberado la 5 de Mayo, a\u00fan hay informales en las calles laterales.<\/p>\n\n\n\n<p>Ignacio Alarc\u00f3n Rodr\u00edguez, presidente del Consejo Coordinador Empresarial (CCE), destac\u00f3 los avances logrados desde que entr\u00f3 la nueva administraci\u00f3n municipal, cuando comenz\u00f3 el reordenamiento del comercio informal.<\/p>\n\n\n\n<p>OPERATIVOS SE MANTIENEN<br>El secretario de Gobernaci\u00f3n municipal destac\u00f3 que el reordenamiento comercial ha tenido repercusiones positivas en el turismo y las ventas para el comercio establecido, y destac\u00f3 una reducci\u00f3n de 30% de la inseguridad en la zona del Centro desde que no hay ambulantes.<\/p>\n\n\n\n<p>Con ese escenario, los organismos empresariales ratificaron su respaldo al ayuntamiento, porque el Centro Hist\u00f3rico es la carta de presentaci\u00f3n de Puebla como ciudad, como capital del estado, para el turismo y para la inversi\u00f3n, y destacaron que si los ambulantes no quieren cumplir los requisitos del ayuntamiento, apoyar\u00e1n la legalidad para que la autoridad ponga orden y no se vuelvan a instalar.<\/p>\n","protected":false},"excerpt":{"rendered":"<p>Una herencia que pasa de administraci\u00f3n en administraci\u00f3n municipal es el comercio informal en las calles del Centro Hist\u00f3rico de Puebla. No obstante, el presidente municipal Eduardo Rivera P\u00e9rez, desde el inicio de su gesti\u00f3n, inici\u00f3 con el reordenamiento del comercio informal en esa zona, dejando libre la calle 5 de Mayo y sus alrededores [&hellip;]<\/p>\n","protected":false},"author":4,"featured_media":10126,"comment_status":"open","ping_status":"open","sticky":false,"template":"","format":"standard","meta":{"om_disable_all_campaigns":false,"_monsterinsights_skip_tracking":false,"_monsterinsights_sitenote_active":false,"_monsterinsights_sitenote_note":"","_monsterinsights_sitenote_category":0,"footnotes":""},"categories":[175],"tags":[195,223],"class_list":["post-10125","post","type-post","status-publish","format-standard","has-post-thumbnail","hentry","category-local","tag-principal","tag-puebla"],"amp_enabled":true,"_links":{"self":[{"href":"https:\/\/lahora.mx\/index.php\/wp-json\/wp\/v2\/posts\/10125","targetHints":{"allow":["GET"]}}],"collection":[{"href":"https:\/\/lahora.mx\/index.php\/wp-json\/wp\/v2\/posts"}],"about":[{"href":"https:\/\/lahora.mx\/index.php\/wp-json\/wp\/v2\/types\/post"}],"author":[{"embeddable":true,"href":"https:\/\/lahora.mx\/index.php\/wp-json\/wp\/v2\/users\/4"}],"replies":[{"embeddable":true,"href":"https:\/\/lahora.mx\/index.php\/wp-json\/wp\/v2\/comments?post=10125"}],"version-history":[{"count":1,"href":"https:\/\/lahora.mx\/index.php\/wp-json\/wp\/v2\/posts\/10125\/revisions"}],"predecessor-version":[{"id":10127,"href":"https:\/\/lahora.mx\/index.php\/wp-json\/wp\/v2\/posts\/10125\/revisions\/10127"}],"wp:featuredmedia":[{"embeddable":true,"href":"https:\/\/lahora.mx\/index.php\/wp-json\/wp\/v2\/media\/10126"}],"wp:attachment":[{"href":"https:\/\/lahora.mx\/index.php\/wp-json\/wp\/v2\/media?parent=10125"}],"wp:term":[{"taxonomy":"category","embeddable":true,"href":"https:\/\/lahora.mx\/index.php\/wp-json\/wp\/v2\/categories?post=10125"},{"taxonomy":"post_tag","embeddable":true,"href":"https:\/\/lahora.mx\/index.php\/wp-json\/wp\/v2\/tags?post=10125"}],"curies":[{"name":"wp","href":"https:\/\/api.w.org\/{rel}","templated":true}]}}