{"id":10116,"date":"2022-07-17T00:40:44","date_gmt":"2022-07-17T00:40:44","guid":{"rendered":"http:\/\/lahora.mx\/?p=10116"},"modified":"2022-07-17T00:40:45","modified_gmt":"2022-07-17T00:40:45","slug":"corren-a-gritos-a-diputados-de-morena-por-el-tarifazo-de-aumento-al-agua","status":"publish","type":"post","link":"https:\/\/lahora.mx\/index.php\/2022\/07\/17\/corren-a-gritos-a-diputados-de-morena-por-el-tarifazo-de-aumento-al-agua\/","title":{"rendered":"Corren a  gritos a diputados de Morena por el tarifazo de aumento al agua"},"content":{"rendered":"\n<p>Legisladores de Morena y el Partido del Trabajo (PT) que avalaron el aumento a las tarifas del agua en Puebla fueron abucheados y corridos de un evento para promover a la jefa de gobierno de la Ciudad de M\u00e9xico, Claudia Sheinbaum Pardo.<\/p>\n\n\n\n<p>El mediod\u00eda de este s\u00e1bado se realiz\u00f3 un evento en el Hotel Puebla, para dar a conocer el proyecto pol\u00edtico de la \u201cpresidenciable\u201d morenista.<\/p>\n\n\n\n<p>Sin embargo, al evento acudieron legisladores que no fueron bien recibidos por la militancia, que les grit\u00f3 \u201ctraidores a la patria\u201d y los ech\u00f3 en medio de abucheos y algunos empujones.<br>Los corridos fueron: Antonio L\u00f3pez Ruiz, Edgar Garmendia de los Santos, Guadalupe Taja, Xel Hern\u00e1ndez Garc\u00eda, Mar\u00eda Ruth Z\u00e1rate Dom\u00ednguez, Azucena Rosas Tapia y Fernando S\u00e1nchez Sasia.<\/p>\n\n\n\n<p>Esto luego de que el viernes aprobaron el alza a la tarifa del agua en medio de protestas sociales en el Congreso del Estado.<\/p>\n\n\n\n<p>El aumento del 4 por ciento en uso dom\u00e9stico y hasta del 7.6 por ciento en industrial aplicar\u00e1 en Puebla capital y las zonas de Cuautlancingo, Amozoc, Ocoyucan, San Pedro y San Andr\u00e9s Cholula donde tiene cobertura la concesionaria Agua de Puebla.<\/p>\n\n\n\n<p>Ante los abucheos y gritos de \u201cfuera, fuera, fuera\u201d, las y los legisladores optaron por salir del sitio, mientras varios asistentes filmaron el momento y compartieron los videos en redes sociales.<\/p>\n\n\n\n<p>Esto a pesar de que los congresistas ten\u00edan lugares asignados en el presidium para dar su apoyo a Sheinbaum Pardo en la contienda interna por la candidatura presidencial.<\/p>\n\n\n\n<p>El evento fue convocado y encabezado por Esthela Dami\u00e1n Peralta, secretaria particular de Claudia Sheinbaum, qui\u00e9n asegur\u00f3 tras el esc\u00e1ndalo que el proyecto de la jefa de Gobierno de la capital es principalmente trabajar de la mano con las mujeres.<\/p>\n\n\n\n<p>Por la ma\u00f1ana de este s\u00e1bado, el dirigente estatal interino de Morena, Arist\u00f3teles Belmont Cort\u00e9s, anunci\u00f3 que buscar\u00eda sancionar a legisladores que votaron a favor del aumento del servicio del agua, ya que la medida va en contra del proyecto de presidente Andr\u00e9s Manuel L\u00f3pez Obrador.<\/p>\n","protected":false},"excerpt":{"rendered":"<p>Legisladores de Morena y el Partido del Trabajo (PT) que avalaron el aumento a las tarifas del agua en Puebla fueron abucheados y corridos de un evento para promover a la jefa de gobierno de la Ciudad de M\u00e9xico, Claudia Sheinbaum Pardo. El mediod\u00eda de este s\u00e1bado se realiz\u00f3 un evento en el Hotel Puebla, [&hellip;]<\/p>\n","protected":false},"author":4,"featured_media":10117,"comment_status":"open","ping_status":"open","sticky":false,"template":"","format":"standard","meta":{"om_disable_all_campaigns":false,"_monsterinsights_skip_tracking":false,"_monsterinsights_sitenote_active":false,"_monsterinsights_sitenote_note":"","_monsterinsights_sitenote_category":0,"footnotes":""},"categories":[175],"tags":[195,223],"class_list":["post-10116","post","type-post","status-publish","format-standard","has-post-thumbnail","hentry","category-local","tag-principal","tag-puebla"],"amp_enabled":true,"_links":{"self":[{"href":"https:\/\/lahora.mx\/index.php\/wp-json\/wp\/v2\/posts\/10116","targetHints":{"allow":["GET"]}}],"collection":[{"href":"https:\/\/lahora.mx\/index.php\/wp-json\/wp\/v2\/posts"}],"about":[{"href":"https:\/\/lahora.mx\/index.php\/wp-json\/wp\/v2\/types\/post"}],"author":[{"embeddable":true,"href":"https:\/\/lahora.mx\/index.php\/wp-json\/wp\/v2\/users\/4"}],"replies":[{"embeddable":true,"href":"https:\/\/lahora.mx\/index.php\/wp-json\/wp\/v2\/comments?post=10116"}],"version-history":[{"count":1,"href":"https:\/\/lahora.mx\/index.php\/wp-json\/wp\/v2\/posts\/10116\/revisions"}],"predecessor-version":[{"id":10118,"href":"https:\/\/lahora.mx\/index.php\/wp-json\/wp\/v2\/posts\/10116\/revisions\/10118"}],"wp:featuredmedia":[{"embeddable":true,"href":"https:\/\/lahora.mx\/index.php\/wp-json\/wp\/v2\/media\/10117"}],"wp:attachment":[{"href":"https:\/\/lahora.mx\/index.php\/wp-json\/wp\/v2\/media?parent=10116"}],"wp:term":[{"taxonomy":"category","embeddable":true,"href":"https:\/\/lahora.mx\/index.php\/wp-json\/wp\/v2\/categories?post=10116"},{"taxonomy":"post_tag","embeddable":true,"href":"https:\/\/lahora.mx\/index.php\/wp-json\/wp\/v2\/tags?post=10116"}],"curies":[{"name":"wp","href":"https:\/\/api.w.org\/{rel}","templated":true}]}}