{"id":10113,"date":"2022-07-17T00:38:40","date_gmt":"2022-07-17T00:38:40","guid":{"rendered":"http:\/\/lahora.mx\/?p=10113"},"modified":"2022-07-17T00:38:41","modified_gmt":"2022-07-17T00:38:41","slug":"no-hay-resultados-contra-la-violencia-de-genero-en-puebla","status":"publish","type":"post","link":"https:\/\/lahora.mx\/index.php\/2022\/07\/17\/no-hay-resultados-contra-la-violencia-de-genero-en-puebla\/","title":{"rendered":"No hay resultados, contra la violencia de g\u00e9nero en Puebla"},"content":{"rendered":"\n<p>Aunque se han emprendido acciones por la Alerta de Violencia de G\u00e9nero contra las Mujeres (AVGM) en Puebla, no hay datos que sostengan que su aplicaci\u00f3n haya disminuido de la violencia en el estado, advirti\u00f3 Ana Laura Gamboa Mu\u00f1oz, responsable del Observatorio de Violencia Social y de G\u00e9nero del Instituto de Derechos Humanos Ignacio Ellacur\u00eda (IDHIE).<\/p>\n\n\n\n<p>De acuerdo los convenios publicados en el Diario Oficial de la Federaci\u00f3n (DOF), el gobierno federal ha asignado a Puebla desde 2019 al menos 15 millones 597 mil 626 pesos para las acciones de la AVGM.<\/p>\n\n\n\n<p>Sin embargo, el observatorio que es parte de la Universidad Iberoamericana Puebla no vislumbra informaci\u00f3n o datos precisos sobre los resultados.<\/p>\n\n\n\n<p>Gamboa Mu\u00f1oz coment\u00f3 en entrevista que sin duda la alerta es un mecanismo para visibilizar la violencia feminicida que ha aumentado a partir de 2017, no obstante, no es posible comprobar que su aplicaci\u00f3n sea positiva.<br><\/p>\n\n\n\n<p>\u201cCuando analizamos con m\u00e1s detalle, pues vemos que no existen indicadores de monitoreo y de seguimiento, espec\u00edficamente en el impacto de c\u00f3mo estas acciones realmente han ayudado para que la violencia en todos sus tipos y modalidades sea atendida y prevenida\u201d, expres\u00f3.<\/p>\n\n\n\n<p>Aunque destac\u00f3 que es positivo que con la AVGM se asignen recursos para combatir la violencia contra las mujeres, enfatiz\u00f3 que falta medir y evaluar las acciones que las autoridades realizan con el dinero.<\/p>\n\n\n\n<p>Ante esta situaci\u00f3n, sugiri\u00f3 a las autoridades generar indicadores de evaluaci\u00f3n, pues a partir de ellos se podr\u00eda determinar si la alerta de g\u00e9nero realmente ha funcionado.<\/p>\n\n\n\n<p>Adem\u00e1s de la creaci\u00f3n de los indicadores, puntualiz\u00f3 que ser\u00eda importante que los asesinatos de mujeres se investiguen realmente con perspectiva de g\u00e9nero, es decir, que se detecten las desigualdades y no se consideren como casos aislados.<br>La Comisi\u00f3n Nacional para Prevenir y Erradicar la Violencia contra las Mujeres (Conavim) declar\u00f3 la alerta de g\u00e9nero en 50 municipios de Puebla el 8 de abril de 2019, como un mecanismo para combatir la violencia contra las mujeres, sin embargo, las estad\u00edsticas de incidencia delictiva muestran que cada vez aumenta m\u00e1s.<\/p>\n","protected":false},"excerpt":{"rendered":"<p>Aunque se han emprendido acciones por la Alerta de Violencia de G\u00e9nero contra las Mujeres (AVGM) en Puebla, no hay datos que sostengan que su aplicaci\u00f3n haya disminuido de la violencia en el estado, advirti\u00f3 Ana Laura Gamboa Mu\u00f1oz, responsable del Observatorio de Violencia Social y de G\u00e9nero del Instituto de Derechos Humanos Ignacio Ellacur\u00eda [&hellip;]<\/p>\n","protected":false},"author":4,"featured_media":10114,"comment_status":"open","ping_status":"open","sticky":false,"template":"","format":"standard","meta":{"om_disable_all_campaigns":false,"_monsterinsights_skip_tracking":false,"_monsterinsights_sitenote_active":false,"_monsterinsights_sitenote_note":"","_monsterinsights_sitenote_category":0,"footnotes":""},"categories":[175],"tags":[223],"class_list":["post-10113","post","type-post","status-publish","format-standard","has-post-thumbnail","hentry","category-local","tag-puebla"],"amp_enabled":true,"_links":{"self":[{"href":"https:\/\/lahora.mx\/index.php\/wp-json\/wp\/v2\/posts\/10113","targetHints":{"allow":["GET"]}}],"collection":[{"href":"https:\/\/lahora.mx\/index.php\/wp-json\/wp\/v2\/posts"}],"about":[{"href":"https:\/\/lahora.mx\/index.php\/wp-json\/wp\/v2\/types\/post"}],"author":[{"embeddable":true,"href":"https:\/\/lahora.mx\/index.php\/wp-json\/wp\/v2\/users\/4"}],"replies":[{"embeddable":true,"href":"https:\/\/lahora.mx\/index.php\/wp-json\/wp\/v2\/comments?post=10113"}],"version-history":[{"count":1,"href":"https:\/\/lahora.mx\/index.php\/wp-json\/wp\/v2\/posts\/10113\/revisions"}],"predecessor-version":[{"id":10115,"href":"https:\/\/lahora.mx\/index.php\/wp-json\/wp\/v2\/posts\/10113\/revisions\/10115"}],"wp:featuredmedia":[{"embeddable":true,"href":"https:\/\/lahora.mx\/index.php\/wp-json\/wp\/v2\/media\/10114"}],"wp:attachment":[{"href":"https:\/\/lahora.mx\/index.php\/wp-json\/wp\/v2\/media?parent=10113"}],"wp:term":[{"taxonomy":"category","embeddable":true,"href":"https:\/\/lahora.mx\/index.php\/wp-json\/wp\/v2\/categories?post=10113"},{"taxonomy":"post_tag","embeddable":true,"href":"https:\/\/lahora.mx\/index.php\/wp-json\/wp\/v2\/tags?post=10113"}],"curies":[{"name":"wp","href":"https:\/\/api.w.org\/{rel}","templated":true}]}}