{"id":10110,"date":"2022-07-17T00:28:21","date_gmt":"2022-07-17T00:28:21","guid":{"rendered":"http:\/\/lahora.mx\/?p=10110"},"modified":"2022-07-17T00:28:22","modified_gmt":"2022-07-17T00:28:22","slug":"eduardo-rivera-reconoce-como-visitantes-distinguidos-a-odontologos-internacionales","status":"publish","type":"post","link":"https:\/\/lahora.mx\/index.php\/2022\/07\/17\/eduardo-rivera-reconoce-como-visitantes-distinguidos-a-odontologos-internacionales\/","title":{"rendered":"Eduardo Rivera reconoce como visitantes distinguidos a odont\u00f3logos internacionales"},"content":{"rendered":"\n<p>Nueve investigadores y conferencistas destacados del \u00e1rea odontol\u00f3gica recibieron de manos de Eduardo Rivera P\u00e9rez, Presidente Municipal, el reconocimiento como Visitantes Distinguidos, el cual enaltece sus aportaciones a la ciencia de la salud bucal y su disposici\u00f3n por compartirlas en el Greater New York Dental Meeting 2022, que por primera vez se realiza en la Angel\u00f3polis.<\/p>\n\n\n\n<p>Fue as\u00ed que Pilseong Kim, Lorna Flamer Caldera, John Young, David M. Momtaheni, Constantine Pavlakos, Gail Schupak, James H. Doundoulakis, William Bongiorno y Lauro Medrano Salda\u00f1a Mira recibieron este galard\u00f3n, el cual, en palabras del alcalde es una muestra de admiraci\u00f3n por su labor \u00abque no se queda en las aulas o en la cl\u00ednica donde atienden a sus pacientes, sino que trasciende fronteras como lo han hecho estos d\u00edas en Puebla, compartiendo su experiencia y conocimientos\u00bb.<\/p>\n\n\n\n<p>Como representante de esta delegaci\u00f3n de doctores odont\u00f3logos, Medrano Salda\u00f1a agradeci\u00f3 se les honre no s\u00f3lo como Visitantes Distinguidos, sino tambi\u00e9n con una experiencia viajera llena de cultura, gastronom\u00eda, hospitalidad, seguridad y servicios, lo cual ha motivado que Puebla sea considerada la ciudad predilecta para acoger anualmente el Greater New York Dental Meeting, al ofrecer las condiciones id\u00f3neas que demanda el encuentro estomatol\u00f3gico m\u00e1s importante de Estados Unidos.<\/p>\n\n\n\n<p>Es por ello que Jos\u00e9 Rodr\u00edguez Corro, Rector del Sistema CEUNI y anfitri\u00f3n de la edici\u00f3n 2022 de este congreso, reiter\u00f3 su disposici\u00f3n por mantener una estrecha colaboraci\u00f3n con el Gobierno Municipal para seguir gestionando eventos de talla internacional que propicien la profesionalizaci\u00f3n de la juventud, el desarrollo tur\u00edstico y la derrama econ\u00f3mica en la capital.<\/p>\n\n\n\n<p>Esta ceremonia de reconocimiento a Visitantes Distinguidos tambi\u00e9n cont\u00f3 con la participaci\u00f3n de los regidores Roc\u00edo S\u00e1nchez, Presidenta de la Comisi\u00f3n de Educaci\u00f3n, Ciencia y Tecnolog\u00eda; Leobardo Soto, Presidente de la Comisi\u00f3n del Trabajo; Silvia Tan\u00fas, Secretaria General del Ayuntamiento; Alejandro Ca\u00f1edo, Secretario de Econom\u00eda y Turismo; Robert Edward, Director Ejecutivo de Greater New York Dental Meeting; Ad\u00e1n Ya\u00f1ez, Presidente de la Federaci\u00f3n Dental Ibero Latinoamericana; y Richard Oshrain, General Chairman de Greater New York Dental Meeting.<\/p>\n","protected":false},"excerpt":{"rendered":"<p>Nueve investigadores y conferencistas destacados del \u00e1rea odontol\u00f3gica recibieron de manos de Eduardo Rivera P\u00e9rez, Presidente Municipal, el reconocimiento como Visitantes Distinguidos, el cual enaltece sus aportaciones a la ciencia de la salud bucal y su disposici\u00f3n por compartirlas en el Greater New York Dental Meeting 2022, que por primera vez se realiza en la [&hellip;]<\/p>\n","protected":false},"author":4,"featured_media":10111,"comment_status":"open","ping_status":"open","sticky":false,"template":"","format":"standard","meta":{"om_disable_all_campaigns":false,"_monsterinsights_skip_tracking":false,"_monsterinsights_sitenote_active":false,"_monsterinsights_sitenote_note":"","_monsterinsights_sitenote_category":0,"footnotes":""},"categories":[175],"tags":[223],"class_list":["post-10110","post","type-post","status-publish","format-standard","has-post-thumbnail","hentry","category-local","tag-puebla"],"amp_enabled":true,"_links":{"self":[{"href":"https:\/\/lahora.mx\/index.php\/wp-json\/wp\/v2\/posts\/10110","targetHints":{"allow":["GET"]}}],"collection":[{"href":"https:\/\/lahora.mx\/index.php\/wp-json\/wp\/v2\/posts"}],"about":[{"href":"https:\/\/lahora.mx\/index.php\/wp-json\/wp\/v2\/types\/post"}],"author":[{"embeddable":true,"href":"https:\/\/lahora.mx\/index.php\/wp-json\/wp\/v2\/users\/4"}],"replies":[{"embeddable":true,"href":"https:\/\/lahora.mx\/index.php\/wp-json\/wp\/v2\/comments?post=10110"}],"version-history":[{"count":1,"href":"https:\/\/lahora.mx\/index.php\/wp-json\/wp\/v2\/posts\/10110\/revisions"}],"predecessor-version":[{"id":10112,"href":"https:\/\/lahora.mx\/index.php\/wp-json\/wp\/v2\/posts\/10110\/revisions\/10112"}],"wp:featuredmedia":[{"embeddable":true,"href":"https:\/\/lahora.mx\/index.php\/wp-json\/wp\/v2\/media\/10111"}],"wp:attachment":[{"href":"https:\/\/lahora.mx\/index.php\/wp-json\/wp\/v2\/media?parent=10110"}],"wp:term":[{"taxonomy":"category","embeddable":true,"href":"https:\/\/lahora.mx\/index.php\/wp-json\/wp\/v2\/categories?post=10110"},{"taxonomy":"post_tag","embeddable":true,"href":"https:\/\/lahora.mx\/index.php\/wp-json\/wp\/v2\/tags?post=10110"}],"curies":[{"name":"wp","href":"https:\/\/api.w.org\/{rel}","templated":true}]}}