{"id":10106,"date":"2022-07-17T00:26:03","date_gmt":"2022-07-17T00:26:03","guid":{"rendered":"http:\/\/lahora.mx\/?p=10106"},"modified":"2022-07-17T00:26:04","modified_gmt":"2022-07-17T00:26:04","slug":"fin-de-semana-de-cultura-y-arte-en-puebla","status":"publish","type":"post","link":"https:\/\/lahora.mx\/index.php\/2022\/07\/17\/fin-de-semana-de-cultura-y-arte-en-puebla\/","title":{"rendered":"Fin de semana de Cultura y Arte en Puebla"},"content":{"rendered":"\n<p>En el Centro Hist\u00f3rico de Puebla todos los d\u00edas hay actividades art\u00edsticas y culturales para el deleite de chicos y grandes, locales y for\u00e1neos, con danzas regionales, cine, blues, marching band, conferencias, exposiciones, entre muchas otras cosas m\u00e1s.<\/p>\n\n\n\n<p>Despu\u00e9s de una larga semana de trabajo y tareas escolares, las familias podr\u00e1n asistir a alguna de las actividades planeadas para este s\u00e1bado y domingo, como parte del \u201cVerano de Arte y Cultura 2022\u201d, en el Parque Jard\u00edn San Luis, Z\u00f3calo, Teatro de la Ciudad y Galer\u00eda de Palacio, la cartelera se podr\u00e1 consultar en las redes sociales del Instituto Municipal de Arte y Cultura (IMACP) y en la p\u00e1gina www.pueblacapital.gob.mx.<\/p>\n\n\n\n<p>El s\u00e1bado 16 de julio se llevar\u00e1 a cabo en el Teatro de la Ciudad un conversatorio dirigido por Guadalupe Ortega, compa\u00f1era de vida del guionista y director poblano Xavier Robles que cuenta en su trayectoria con pel\u00edculas como \u201cLas Poquianchis\u201d y \u201cRojo Amanecer\u201d, que fueron proyectadas este viernes 15 de julio en el Ciclo de Cine. El homenaje tambi\u00e9n contar\u00e1 con la participaci\u00f3n de actores como Mar\u00eda Rojo y Alberto Estrella, el escritor Alfredo Naime, el director Arturo Tay y el catedr\u00e1tico Fernando Turrent.<\/p>\n\n\n\n<p>Tambi\u00e9n podr\u00e1s disfrutar de la Galer\u00eda de Palacio que estar\u00e1 abierta de 10:00 a 22:00 horas este s\u00e1bado, ya que se realiza una edici\u00f3n m\u00e1s de \u201cNoche de Museos\u201d, donde podr\u00e1n admirar las piezas de jaguares de la exposici\u00f3n \u201cC\u00e9sar Menchaca: Pasiones por M\u00e9xico\u201d gratuitamente.<\/p>\n\n\n\n<p>Mientras que, el domingo 17 habr\u00e1 Marching Band a las 13:00 horas en el parque Jard\u00edn San Luis y en el Z\u00f3calo a partir de la 1:30 de la tarde habr\u00e1 teatro, danza y cantantes.<br><\/p>\n\n\n\n<figure class=\"wp-block-image\"><img decoding=\"async\" src=\"blob:https:\/\/lahora.mx\/1364e646-7bde-4848-8095-c9edce45b7d0\" alt=\"\"\/><\/figure>\n","protected":false},"excerpt":{"rendered":"<p>En el Centro Hist\u00f3rico de Puebla todos los d\u00edas hay actividades art\u00edsticas y culturales para el deleite de chicos y grandes, locales y for\u00e1neos, con danzas regionales, cine, blues, marching band, conferencias, exposiciones, entre muchas otras cosas m\u00e1s. Despu\u00e9s de una larga semana de trabajo y tareas escolares, las familias podr\u00e1n asistir a alguna de [&hellip;]<\/p>\n","protected":false},"author":4,"featured_media":10107,"comment_status":"open","ping_status":"open","sticky":false,"template":"","format":"standard","meta":{"om_disable_all_campaigns":false,"_monsterinsights_skip_tracking":false,"_monsterinsights_sitenote_active":false,"_monsterinsights_sitenote_note":"","_monsterinsights_sitenote_category":0,"footnotes":""},"categories":[175],"tags":[195,223],"class_list":["post-10106","post","type-post","status-publish","format-standard","has-post-thumbnail","hentry","category-local","tag-principal","tag-puebla"],"amp_enabled":true,"_links":{"self":[{"href":"https:\/\/lahora.mx\/index.php\/wp-json\/wp\/v2\/posts\/10106","targetHints":{"allow":["GET"]}}],"collection":[{"href":"https:\/\/lahora.mx\/index.php\/wp-json\/wp\/v2\/posts"}],"about":[{"href":"https:\/\/lahora.mx\/index.php\/wp-json\/wp\/v2\/types\/post"}],"author":[{"embeddable":true,"href":"https:\/\/lahora.mx\/index.php\/wp-json\/wp\/v2\/users\/4"}],"replies":[{"embeddable":true,"href":"https:\/\/lahora.mx\/index.php\/wp-json\/wp\/v2\/comments?post=10106"}],"version-history":[{"count":1,"href":"https:\/\/lahora.mx\/index.php\/wp-json\/wp\/v2\/posts\/10106\/revisions"}],"predecessor-version":[{"id":10109,"href":"https:\/\/lahora.mx\/index.php\/wp-json\/wp\/v2\/posts\/10106\/revisions\/10109"}],"wp:featuredmedia":[{"embeddable":true,"href":"https:\/\/lahora.mx\/index.php\/wp-json\/wp\/v2\/media\/10107"}],"wp:attachment":[{"href":"https:\/\/lahora.mx\/index.php\/wp-json\/wp\/v2\/media?parent=10106"}],"wp:term":[{"taxonomy":"category","embeddable":true,"href":"https:\/\/lahora.mx\/index.php\/wp-json\/wp\/v2\/categories?post=10106"},{"taxonomy":"post_tag","embeddable":true,"href":"https:\/\/lahora.mx\/index.php\/wp-json\/wp\/v2\/tags?post=10106"}],"curies":[{"name":"wp","href":"https:\/\/api.w.org\/{rel}","templated":true}]}}