{"id":10101,"date":"2022-07-16T18:55:58","date_gmt":"2022-07-16T18:55:58","guid":{"rendered":"http:\/\/lahora.mx\/?p=10101"},"modified":"2022-07-16T18:55:59","modified_gmt":"2022-07-16T18:55:59","slug":"una-persona-fallecida-y-16-lesionados-tras-volcadura-de-una-combi-en-la-autopista-mexico-puebla","status":"publish","type":"post","link":"https:\/\/lahora.mx\/index.php\/2022\/07\/16\/una-persona-fallecida-y-16-lesionados-tras-volcadura-de-una-combi-en-la-autopista-mexico-puebla\/","title":{"rendered":"Una persona fallecida y 16 lesionados tras volcadura de una combi en la autopista M\u00e9xico Puebla"},"content":{"rendered":"\n<p>Una<strong>&nbsp;persona fallecida y 16 lesionados&nbsp;<\/strong>es el saldo que dej\u00f3<strong>&nbsp;la volcadura de una urban de transporte p\u00fablic<\/strong>o en la autopista M\u00e9xico-Puebla esta ma\u00f1ana, a la altura de Puente Blanco.<\/p>\n\n\n\n<p>El accidente se registr\u00f3 esta ma\u00f1ana en el km 24 de la citada vialidad con direcci\u00f3n a la Ciudad de M\u00e9xico, al parecer debido a que la unidad de la ruta 98\u00a0<strong>viajaba a exceso de velocidad,<\/strong>\u00a0seg\u00fan reportaron algunos de los heridos.<\/p>\n\n\n\n<p>Tras el incidente, automovilistas y motociclistas brindaron apoyo a los afectados, en tanto cuanto lleg\u00f3 la asistencia de la Cruz Roja y la Guardia Nacional.<\/p>\n\n\n\n<p>La\u00a0<strong>Cruz Roja Estado de M\u00e9xico<\/strong>\u00a0report\u00f3 el desplazamiento de ambulancias de las delegaciones de Chalco.<\/p>\n\n\n\n<p>Una camioneta de transporte p\u00fablico se volc\u00f3 sobre la autopista. En un video difundido en redes sociales se muestra que el veh\u00edculo se destruy\u00f3 por completo.<\/p>\n\n\n\n<p>Adem\u00e1s, se puede ver a varios pasajeros sentados en el piso, con lesiones.<\/p>\n\n\n\n<p>En el video se ve tambi\u00e9n que una persona intenta salir por una de las ventadas de la unidad, que qued\u00f3 atravesada sobre la autopista.<\/p>\n\n\n\n<p>Caminos y Puentes Federales de Ingresos y Servicios Conexos (CAPUFE) tambi\u00e9n inform\u00f3 sobre el accidente y detall\u00f3 que se afectar\u00e1 la circulaci\u00f3n en este tramo.<\/p>\n","protected":false},"excerpt":{"rendered":"<p>Una&nbsp;persona fallecida y 16 lesionados&nbsp;es el saldo que dej\u00f3&nbsp;la volcadura de una urban de transporte p\u00fablico en la autopista M\u00e9xico-Puebla esta ma\u00f1ana, a la altura de Puente Blanco. El accidente se registr\u00f3 esta ma\u00f1ana en el km 24 de la citada vialidad con direcci\u00f3n a la Ciudad de M\u00e9xico, al parecer debido a que la [&hellip;]<\/p>\n","protected":false},"author":4,"featured_media":10102,"comment_status":"open","ping_status":"open","sticky":false,"template":"","format":"standard","meta":{"om_disable_all_campaigns":false,"_monsterinsights_skip_tracking":false,"_monsterinsights_sitenote_active":false,"_monsterinsights_sitenote_note":"","_monsterinsights_sitenote_category":0,"footnotes":""},"categories":[175],"tags":[223],"class_list":["post-10101","post","type-post","status-publish","format-standard","has-post-thumbnail","hentry","category-local","tag-puebla"],"amp_enabled":true,"_links":{"self":[{"href":"https:\/\/lahora.mx\/index.php\/wp-json\/wp\/v2\/posts\/10101","targetHints":{"allow":["GET"]}}],"collection":[{"href":"https:\/\/lahora.mx\/index.php\/wp-json\/wp\/v2\/posts"}],"about":[{"href":"https:\/\/lahora.mx\/index.php\/wp-json\/wp\/v2\/types\/post"}],"author":[{"embeddable":true,"href":"https:\/\/lahora.mx\/index.php\/wp-json\/wp\/v2\/users\/4"}],"replies":[{"embeddable":true,"href":"https:\/\/lahora.mx\/index.php\/wp-json\/wp\/v2\/comments?post=10101"}],"version-history":[{"count":1,"href":"https:\/\/lahora.mx\/index.php\/wp-json\/wp\/v2\/posts\/10101\/revisions"}],"predecessor-version":[{"id":10103,"href":"https:\/\/lahora.mx\/index.php\/wp-json\/wp\/v2\/posts\/10101\/revisions\/10103"}],"wp:featuredmedia":[{"embeddable":true,"href":"https:\/\/lahora.mx\/index.php\/wp-json\/wp\/v2\/media\/10102"}],"wp:attachment":[{"href":"https:\/\/lahora.mx\/index.php\/wp-json\/wp\/v2\/media?parent=10101"}],"wp:term":[{"taxonomy":"category","embeddable":true,"href":"https:\/\/lahora.mx\/index.php\/wp-json\/wp\/v2\/categories?post=10101"},{"taxonomy":"post_tag","embeddable":true,"href":"https:\/\/lahora.mx\/index.php\/wp-json\/wp\/v2\/tags?post=10101"}],"curies":[{"name":"wp","href":"https:\/\/api.w.org\/{rel}","templated":true}]}}