{"id":1009,"date":"2021-12-28T18:34:31","date_gmt":"2021-12-28T18:34:31","guid":{"rendered":"http:\/\/lahora.mx\/?p=1009"},"modified":"2021-12-28T18:34:31","modified_gmt":"2021-12-28T18:34:31","slug":"vacuna-de-refuerzo-a-maestros-pero-no-para-menores-de-15","status":"publish","type":"post","link":"https:\/\/lahora.mx\/index.php\/2021\/12\/28\/vacuna-de-refuerzo-a-maestros-pero-no-para-menores-de-15\/","title":{"rendered":"Vacuna de refuerzo a maestros pero no para menores de 15"},"content":{"rendered":"<p>El subsecretario de Salud, anunci\u00f3 que en enero de 2022 se aplicar\u00e1 la dosis de refuerzo \u00a0para personal educativo pues ya se est\u00e1 vacunando al sector de salud p\u00fablico y privado y descart\u00f3 que se vacune<strong>\u00a0<\/strong>a menores de 15 a\u00f1os.<br \/>\nAsimismo, resalt\u00f3 el efecto positivo de la vacunaci\u00f3n para disminuir los casos graves y defunciones\u00a0por covid-19, se\u00f1alando que en abril la mortalidad en los no vacunados era 2.6 veces m\u00e1s del tama\u00f1o de los vacunados, sin embargo, en noviembre los datos se invirtieron.<br \/>\nPor otra parte, descart\u00f3 que el plan de vacunaci\u00f3n \u00a0nacional incluya a menores de 15 a\u00f1os de edad, pues asegur\u00f3, que la Organizaci\u00f3n Mundial de la Salud \u00a0no lo ha recomendado.<br \/>\nactualmente s\u00f3lo se est\u00e1 considerando vacunar a j\u00f3venes de 15 a\u00f1os en adelante sin comorbilidades, as\u00ed como de 12 en adelante con enfermedades que puedan complicarse con el covid-19.<\/p>\n<div class=\"text-center mt-3 mb-3\">\n<div>\n<div>\n<div id=\"rgpt-2\" data-google-query-id=\"CNmD1buMh_UCFSSpAAAd3sIAaQ\"><\/div>\n<\/div>\n<\/div>\n<\/div>\n","protected":false},"excerpt":{"rendered":"<p>El subsecretario de Salud, anunci\u00f3 que en enero de 2022 se aplicar\u00e1 la dosis de refuerzo \u00a0para personal educativo pues ya se est\u00e1 vacunando al sector de salud p\u00fablico y privado y descart\u00f3 que se vacune\u00a0a menores de 15 a\u00f1os. Asimismo, resalt\u00f3 el efecto positivo de la vacunaci\u00f3n para disminuir los casos graves y defunciones\u00a0por [&hellip;]<\/p>\n","protected":false},"author":4,"featured_media":1010,"comment_status":"open","ping_status":"open","sticky":false,"template":"","format":"standard","meta":{"om_disable_all_campaigns":false,"_monsterinsights_skip_tracking":false,"_monsterinsights_sitenote_active":false,"_monsterinsights_sitenote_note":"","_monsterinsights_sitenote_category":0,"footnotes":""},"categories":[176],"tags":[195],"class_list":["post-1009","post","type-post","status-publish","format-standard","has-post-thumbnail","hentry","category-nacional","tag-principal"],"amp_enabled":true,"_links":{"self":[{"href":"https:\/\/lahora.mx\/index.php\/wp-json\/wp\/v2\/posts\/1009","targetHints":{"allow":["GET"]}}],"collection":[{"href":"https:\/\/lahora.mx\/index.php\/wp-json\/wp\/v2\/posts"}],"about":[{"href":"https:\/\/lahora.mx\/index.php\/wp-json\/wp\/v2\/types\/post"}],"author":[{"embeddable":true,"href":"https:\/\/lahora.mx\/index.php\/wp-json\/wp\/v2\/users\/4"}],"replies":[{"embeddable":true,"href":"https:\/\/lahora.mx\/index.php\/wp-json\/wp\/v2\/comments?post=1009"}],"version-history":[{"count":1,"href":"https:\/\/lahora.mx\/index.php\/wp-json\/wp\/v2\/posts\/1009\/revisions"}],"predecessor-version":[{"id":1011,"href":"https:\/\/lahora.mx\/index.php\/wp-json\/wp\/v2\/posts\/1009\/revisions\/1011"}],"wp:featuredmedia":[{"embeddable":true,"href":"https:\/\/lahora.mx\/index.php\/wp-json\/wp\/v2\/media\/1010"}],"wp:attachment":[{"href":"https:\/\/lahora.mx\/index.php\/wp-json\/wp\/v2\/media?parent=1009"}],"wp:term":[{"taxonomy":"category","embeddable":true,"href":"https:\/\/lahora.mx\/index.php\/wp-json\/wp\/v2\/categories?post=1009"},{"taxonomy":"post_tag","embeddable":true,"href":"https:\/\/lahora.mx\/index.php\/wp-json\/wp\/v2\/tags?post=1009"}],"curies":[{"name":"wp","href":"https:\/\/api.w.org\/{rel}","templated":true}]}}