{"id":10089,"date":"2022-07-16T18:42:30","date_gmt":"2022-07-16T18:42:30","guid":{"rendered":"http:\/\/lahora.mx\/?p=10089"},"modified":"2022-07-17T00:16:05","modified_gmt":"2022-07-17T00:16:05","slug":"se-evaluaran-parquimetros-al-finalisar-el-mes","status":"publish","type":"post","link":"https:\/\/lahora.mx\/index.php\/2022\/07\/16\/se-evaluaran-parquimetros-al-finalisar-el-mes\/","title":{"rendered":"Se evaluar\u00e1n parqu\u00edmetros al finalizar el mes"},"content":{"rendered":"\n<p>El presidente municipal, Eduardo Rivera P\u00e9rez, infor\u00adm\u00f3 que ser\u00e1 hasta que termi\u00adne julio cuando el programa de parqu\u00edmetros sea sometido a revisiones para ver su fun\u00adcionamiento y tomar decisio\u00adnes sobre posibles cambios. Respecto a las multas, el primer regidor se\u00f1al\u00f3 que hay cuatro quejas en la Contralo\u00adr\u00eda Municipal, pero no exclu\u00adsivas del tema de parqu\u00edme\u00adtros, por lo que considera que no ha habido fallas.<\/p>\n\n\n\n<p>M\u00c1S PARKLETS<\/p>\n\n\n\n<p>El ayuntamiento de Puebla continuar\u00e1 con el programa de parklets que dej\u00f3 la ad\u00administraci\u00f3n pasada, por lo que dar\u00e1n mantenimiento a aquellos que se encuentran en mal estado, y proyecta que a partir de septiembre sean instalados 10 m\u00e1s. Lo anterior lo indic\u00f3 Bere\u00adnice Vidal Castel\u00e1n, gerente del Centro Hist\u00f3rico de Pue\u00adbla, quien expres\u00f3 que varios negocios de la zona solicita\u00adron estas estructuras porque mejoran las ventas<\/p>\n","protected":false},"excerpt":{"rendered":"<p>El presidente municipal, Eduardo Rivera P\u00e9rez, infor\u00adm\u00f3 que ser\u00e1 hasta que termi\u00adne julio cuando el programa de parqu\u00edmetros sea sometido a revisiones para ver su fun\u00adcionamiento y tomar decisio\u00adnes sobre posibles cambios. Respecto a las multas, el primer regidor se\u00f1al\u00f3 que hay cuatro quejas en la Contralo\u00adr\u00eda Municipal, pero no exclu\u00adsivas del tema de parqu\u00edme\u00adtros, [&hellip;]<\/p>\n","protected":false},"author":4,"featured_media":10094,"comment_status":"open","ping_status":"open","sticky":false,"template":"","format":"standard","meta":{"om_disable_all_campaigns":false,"_monsterinsights_skip_tracking":false,"_monsterinsights_sitenote_active":false,"_monsterinsights_sitenote_note":"","_monsterinsights_sitenote_category":0,"footnotes":""},"categories":[175],"tags":[195,223],"class_list":["post-10089","post","type-post","status-publish","format-standard","has-post-thumbnail","hentry","category-local","tag-principal","tag-puebla"],"amp_enabled":true,"_links":{"self":[{"href":"https:\/\/lahora.mx\/index.php\/wp-json\/wp\/v2\/posts\/10089","targetHints":{"allow":["GET"]}}],"collection":[{"href":"https:\/\/lahora.mx\/index.php\/wp-json\/wp\/v2\/posts"}],"about":[{"href":"https:\/\/lahora.mx\/index.php\/wp-json\/wp\/v2\/types\/post"}],"author":[{"embeddable":true,"href":"https:\/\/lahora.mx\/index.php\/wp-json\/wp\/v2\/users\/4"}],"replies":[{"embeddable":true,"href":"https:\/\/lahora.mx\/index.php\/wp-json\/wp\/v2\/comments?post=10089"}],"version-history":[{"count":2,"href":"https:\/\/lahora.mx\/index.php\/wp-json\/wp\/v2\/posts\/10089\/revisions"}],"predecessor-version":[{"id":10105,"href":"https:\/\/lahora.mx\/index.php\/wp-json\/wp\/v2\/posts\/10089\/revisions\/10105"}],"wp:featuredmedia":[{"embeddable":true,"href":"https:\/\/lahora.mx\/index.php\/wp-json\/wp\/v2\/media\/10094"}],"wp:attachment":[{"href":"https:\/\/lahora.mx\/index.php\/wp-json\/wp\/v2\/media?parent=10089"}],"wp:term":[{"taxonomy":"category","embeddable":true,"href":"https:\/\/lahora.mx\/index.php\/wp-json\/wp\/v2\/categories?post=10089"},{"taxonomy":"post_tag","embeddable":true,"href":"https:\/\/lahora.mx\/index.php\/wp-json\/wp\/v2\/tags?post=10089"}],"curies":[{"name":"wp","href":"https:\/\/api.w.org\/{rel}","templated":true}]}}