{"id":10083,"date":"2022-07-16T02:19:51","date_gmt":"2022-07-16T02:19:51","guid":{"rendered":"http:\/\/lahora.mx\/?p=10083"},"modified":"2022-07-16T02:19:52","modified_gmt":"2022-07-16T02:19:52","slug":"es-una-realidad-en-puebla-la-tipificacion-de-la-violencia-vicaria-avala-lxi-legislatura","status":"publish","type":"post","link":"https:\/\/lahora.mx\/index.php\/2022\/07\/16\/es-una-realidad-en-puebla-la-tipificacion-de-la-violencia-vicaria-avala-lxi-legislatura\/","title":{"rendered":"Es una realidad en Puebla la tipificaci\u00f3n de la violencia vicaria; avala LXI Legislatura"},"content":{"rendered":"\n<p>Mediante reformas a diversos ordenamientos la LXI Legislatura del Congreso del Estado, en Sesi\u00f3n P\u00fablica Ordinaria, aprob\u00f3 por unanimidad la iniciativa, haciendo uso del principio de concentraci\u00f3n, para reconocer y sancionar la violencia vicaria y establecer penas de hasta 10 a\u00f1os con 8 mese a los hombres que la ejerzan.<\/p>\n\n\n\n<p>La intenci\u00f3n de esta reforma es incluir en diversos ordenamientos el concepto de violencia vicaria, entendida como aquella que se ejerce contra las mujeres consistente en todo acto u omisi\u00f3n intencional, con el objetivo de causar da\u00f1o a la v\u00edctima a trav\u00e9s del perjuicio, maltrato, descuido y\/o manipulaci\u00f3n de las hijas y los hijos.<\/p>\n\n\n\n<p>Asimismo, se entiende como el da\u00f1o o menoscabo del v\u00ednculo filial con la v\u00edctima. Se entiende que es una manifestaci\u00f3n de violencia por parte de quien mantiene o mantuvo una relaci\u00f3n afectiva o sentimental de pareja con la v\u00edctima, que por s\u00ed o por interp\u00f3sita persona, utiliza a las hijas y los hijos de la v\u00edctima como instrumento para causarle da\u00f1o.<\/p>\n\n\n\n<p>Las disposiciones se aplicaron a la Ley para el Acceso de las Mujeres a un Vida Libre de Violencia del estado de Puebla, de la Ley de Prevenci\u00f3n y Atenci\u00f3n y Sanci\u00f3n de la Violencia de los Derechos de las Ni\u00f1as, Ni\u00f1os y Adolescentes, del C\u00f3digo Civil y del C\u00f3digo Penal, para lo que se hizo uno del principio de concentraci\u00f3n de iniciativas presentadas por separado por las diputadas Aurora Sierra Rodr\u00edguez y M\u00f3nica Silva Ru\u00edz.<\/p>\n\n\n\n<p>Al hacer uso de la palabra la diputada Aurora Sierra Rodr\u00edguez dijo que con estas reformas se da sentido a la ley y con ello se dignifica el cari\u00f1o de muchas madres que a pesar de no poder ver a sus hijos jam\u00e1s los abandonaron; asimismo, reconoci\u00f3 a las y los diputados que, en diferentes mesas de trabajo y comisiones, realizaron aportaciones para enriquecer el dictamen en beneficio de las mujeres.<\/p>\n\n\n\n<p>Mientras que la diputada M\u00f3nica Silva Ru\u00edz sostuvo que la violencia no es normal en ninguna de sus formas, no se debe aceptar y siempre se debe de sancionar, por lo que se\u00f1al\u00f3 que esta legislatura est\u00e1 trabajando en reformas con perspectiva de g\u00e9nero y de infancia, buscando mecanismos para que \u00e9stos tengan un ambiente de paz.<\/p>\n\n\n\n<p>Tambi\u00e9n hicieron uso de la tribuna las diputadas M\u00f3nica Rodr\u00edguez Della Vecchia e Isabel Merlo Talavera, loa primera sostuvo que la violencia vicaria no es tema de estatus sociales y esta Legislatura ha sentado las bases para prevenir y visibilizar la violencia, en tanto que la segunda sostuvo que estas reformas se tratan de un avance en materia de g\u00e9nero y camina sobre la pluralidad, asimismo, hizo una propuesta reformatoria para hacer de esta iniciativa m\u00e1s incluyente.<\/p>\n\n\n\n<p>APRUEBAN REFORMAS A FAVOR DEL MEDIO AMBIENTE<br>En otro momento de la sesi\u00f3n aprob\u00f3 reformas a diversas disposiciones de la Ley para la Protecci\u00f3n del Ambiente Natural y el Desarrollo Sustentable del Estado de Puebla; a la Ley de Desarrollo Forestal Sustentable del Estado de Puebla; y a la Ley de Cambio Clim\u00e1tico del Estado de Puebla para ampliar la actuaci\u00f3n del sector p\u00fablico en temas de reforestaci\u00f3n, huertos y viveros, que repercutan positivamente para el agua.<\/p>\n\n\n\n<p>Mediante otro punto del orden del d\u00eda las y los diputados aprobaron reformas para adicionar la Secci\u00f3n I denominada \u201cDel Acceso a la Cultura\u201d los art\u00edculos 43 Bis y 43 Ter al Cap\u00edtulo III de la Ley Org\u00e1nica Municipal.<\/p>\n\n\n\n<p>Al hacer uso de la palabra, la diputada Norma Reyes Cabrera explic\u00f3 que la intenci\u00f3n de esta iniciativa de decreto es con la intenci\u00f3n de fomentar la investigaci\u00f3n y difusi\u00f3n de las manifestaciones culturales en el municipio.<\/p>\n\n\n\n<p>Tambi\u00e9n, las y los diputados avalaron reformas al inciso a) de la fracci\u00f3n XLV del art\u00edculo 78 de la Ley Org\u00e1nica Municipal. En su explicaci\u00f3n el diputado Jaime Natale Uranga se\u00f1al\u00f3 que la propuesta tiene la intenci\u00f3n de privilegiar que el riego de los parques y jardines se realice preferentemente con agua residual tratada.<\/p>\n\n\n\n<p>Adem\u00e1s, como parte del orden del d\u00eda, las y los diputados avalaron reformas a las fracciones XLV y XLVI del art\u00edculo 4, la fracci\u00f3n XIX del 5 y la fracci\u00f3n IX del 18; y se adiciona la fracci\u00f3n XLVII al 18 de la Ley de Desarrollo Econ\u00f3mico Sustentable del Estado de Puebla, para integrar el concepto de inclusi\u00f3n financiera y promover entre los j\u00f3venes sus componentes.<\/p>\n\n\n\n<p>Mediante otro punto, se aprobaron diversas reformas y adiciones a la Ley de Educaci\u00f3n Inicial del, de la Ley de Educaci\u00f3n del Estado de Puebla, y a la Ley de Educaci\u00f3n Superior del Estado de Puebla. Der acuerdo con el diputado Roberto Sol\u00eds Valles, este proyecto, que tom\u00f3 m\u00e1s de siete meses para su elaboraci\u00f3n tiene la intenci\u00f3n de establecer diversas acciones que contribuyan a la conservaci\u00f3n y restauraci\u00f3n del medio ambiente.<\/p>\n\n\n\n<p>Finalmente, como parte del orden del d\u00eda las y los legisladores aprobaron una iniciativa de decreto a la Ley de Obra P\u00fablica y Servicios relacionados con la misma y la Ley de Fraccionamientos y Acciones Urban\u00edsticas del estado de Puebla. Al hacer uso de la palabra, la diputada Guadalupe Leal Rodr\u00edguez para aprovechar el agua de lluvia y que no se contamine con aguas residuales y se pueda aprovechar al cien por ciento.<\/p>\n","protected":false},"excerpt":{"rendered":"<p>Mediante reformas a diversos ordenamientos la LXI Legislatura del Congreso del Estado, en Sesi\u00f3n P\u00fablica Ordinaria, aprob\u00f3 por unanimidad la iniciativa, haciendo uso del principio de concentraci\u00f3n, para reconocer y sancionar la violencia vicaria y establecer penas de hasta 10 a\u00f1os con 8 mese a los hombres que la ejerzan. La intenci\u00f3n de esta reforma [&hellip;]<\/p>\n","protected":false},"author":4,"featured_media":10084,"comment_status":"open","ping_status":"open","sticky":false,"template":"","format":"standard","meta":{"om_disable_all_campaigns":false,"_monsterinsights_skip_tracking":false,"_monsterinsights_sitenote_active":false,"_monsterinsights_sitenote_note":"","_monsterinsights_sitenote_category":0,"footnotes":""},"categories":[175],"tags":[223],"class_list":["post-10083","post","type-post","status-publish","format-standard","has-post-thumbnail","hentry","category-local","tag-puebla"],"amp_enabled":true,"_links":{"self":[{"href":"https:\/\/lahora.mx\/index.php\/wp-json\/wp\/v2\/posts\/10083","targetHints":{"allow":["GET"]}}],"collection":[{"href":"https:\/\/lahora.mx\/index.php\/wp-json\/wp\/v2\/posts"}],"about":[{"href":"https:\/\/lahora.mx\/index.php\/wp-json\/wp\/v2\/types\/post"}],"author":[{"embeddable":true,"href":"https:\/\/lahora.mx\/index.php\/wp-json\/wp\/v2\/users\/4"}],"replies":[{"embeddable":true,"href":"https:\/\/lahora.mx\/index.php\/wp-json\/wp\/v2\/comments?post=10083"}],"version-history":[{"count":1,"href":"https:\/\/lahora.mx\/index.php\/wp-json\/wp\/v2\/posts\/10083\/revisions"}],"predecessor-version":[{"id":10085,"href":"https:\/\/lahora.mx\/index.php\/wp-json\/wp\/v2\/posts\/10083\/revisions\/10085"}],"wp:featuredmedia":[{"embeddable":true,"href":"https:\/\/lahora.mx\/index.php\/wp-json\/wp\/v2\/media\/10084"}],"wp:attachment":[{"href":"https:\/\/lahora.mx\/index.php\/wp-json\/wp\/v2\/media?parent=10083"}],"wp:term":[{"taxonomy":"category","embeddable":true,"href":"https:\/\/lahora.mx\/index.php\/wp-json\/wp\/v2\/categories?post=10083"},{"taxonomy":"post_tag","embeddable":true,"href":"https:\/\/lahora.mx\/index.php\/wp-json\/wp\/v2\/tags?post=10083"}],"curies":[{"name":"wp","href":"https:\/\/api.w.org\/{rel}","templated":true}]}}