{"id":10074,"date":"2022-07-16T02:01:49","date_gmt":"2022-07-16T02:01:49","guid":{"rendered":"http:\/\/lahora.mx\/?p=10074"},"modified":"2022-07-16T02:01:50","modified_gmt":"2022-07-16T02:01:50","slug":"859-hectareas-mas-de-flor-del-bosque-son-protegidas-por-el-gobierno-de-puebla","status":"publish","type":"post","link":"https:\/\/lahora.mx\/index.php\/2022\/07\/16\/859-hectareas-mas-de-flor-del-bosque-son-protegidas-por-el-gobierno-de-puebla\/","title":{"rendered":"859 hect\u00e1reas m\u00e1s de \u201cFlor del Bosque\u201d son protegidas por el Gobierno de Puebla"},"content":{"rendered":"\n<p>Con la finalidad de contar con una mayor superficie destinada a la protecci\u00f3n, restauraci\u00f3n y manejo sustentable de los recursos naturales, el gobierno de Puebla protegi\u00f3 859 hect\u00e1reas m\u00e1s del \u00c1rea Natural de Jurisdicci\u00f3n Estatal denominada \u201cFlor del Bosque\u201d.<\/p>\n\n\n\n<p>Lo anterior qued\u00f3 asentado en un decreto emitido por el titular del Ejecutivo, mismo que est\u00e1 publicado en el Peri\u00f3dico Oficial del Estado.<\/p>\n\n\n\n<p>Antes de dicha acci\u00f3n, el corredor biol\u00f3gico estaba sometido a presiones de personas que, sin considerar los efectos negativos de este hecho en la calidad de vida de la poblaci\u00f3n y de las especies que ah\u00ed habitan, han querido urbanizar ese pulm\u00f3n, sostuvo la secretaria de Medio Ambiente, Desarrollo Sustentable y Ordenamiento Territorial (SMADSOT), Beatriz Manrique Guevara.<\/p>\n\n\n\n<p>Explic\u00f3 que la zona n\u00facleo est\u00e1 compuesta por tres pol\u00edgonos con una superficie de 642.46 hect\u00e1reas, equivalente al 42.78 por ciento del total; mientras que la zona de amortiguamiento contenida en el decreto, est\u00e1 conformada por nueve pol\u00edgonos con una extensi\u00f3n de 859.20 hect\u00e1reas, equivalente al 57.22 por ciento de la reserva, lo que significa que actualmente m\u00e1s mil 500 hect\u00e1reas est\u00e1n protegidas.<\/p>\n\n\n\n<p>Manrique Guevara consider\u00f3 que el decreto es un legado para las y los poblanos, ya que, al preservar los recursos naturales de la tierra, incluidos el aire, agua, tierra, flora y fauna, pueden acceder a un medio ambiente sano para su desarrollo y bienestar, de acuerdo a la instrucci\u00f3n del gobernador Miguel Barbosa Huerta.<\/p>\n\n\n\n<p>De esta manera, la titular de la dependencia dijo que el gobierno de Puebla pas\u00f3 de la propuesta a los hechos para defender de manera contundente dicha zona boscosa, que en conjunto posee una rica variedad de vida vegetal y animal.<\/p>\n","protected":false},"excerpt":{"rendered":"<p>Con la finalidad de contar con una mayor superficie destinada a la protecci\u00f3n, restauraci\u00f3n y manejo sustentable de los recursos naturales, el gobierno de Puebla protegi\u00f3 859 hect\u00e1reas m\u00e1s del \u00c1rea Natural de Jurisdicci\u00f3n Estatal denominada \u201cFlor del Bosque\u201d. Lo anterior qued\u00f3 asentado en un decreto emitido por el titular del Ejecutivo, mismo que est\u00e1 [&hellip;]<\/p>\n","protected":false},"author":4,"featured_media":10075,"comment_status":"open","ping_status":"open","sticky":false,"template":"","format":"standard","meta":{"om_disable_all_campaigns":false,"_monsterinsights_skip_tracking":false,"_monsterinsights_sitenote_active":false,"_monsterinsights_sitenote_note":"","_monsterinsights_sitenote_category":0,"footnotes":""},"categories":[175],"tags":[195,223],"class_list":["post-10074","post","type-post","status-publish","format-standard","has-post-thumbnail","hentry","category-local","tag-principal","tag-puebla"],"amp_enabled":true,"_links":{"self":[{"href":"https:\/\/lahora.mx\/index.php\/wp-json\/wp\/v2\/posts\/10074","targetHints":{"allow":["GET"]}}],"collection":[{"href":"https:\/\/lahora.mx\/index.php\/wp-json\/wp\/v2\/posts"}],"about":[{"href":"https:\/\/lahora.mx\/index.php\/wp-json\/wp\/v2\/types\/post"}],"author":[{"embeddable":true,"href":"https:\/\/lahora.mx\/index.php\/wp-json\/wp\/v2\/users\/4"}],"replies":[{"embeddable":true,"href":"https:\/\/lahora.mx\/index.php\/wp-json\/wp\/v2\/comments?post=10074"}],"version-history":[{"count":1,"href":"https:\/\/lahora.mx\/index.php\/wp-json\/wp\/v2\/posts\/10074\/revisions"}],"predecessor-version":[{"id":10076,"href":"https:\/\/lahora.mx\/index.php\/wp-json\/wp\/v2\/posts\/10074\/revisions\/10076"}],"wp:featuredmedia":[{"embeddable":true,"href":"https:\/\/lahora.mx\/index.php\/wp-json\/wp\/v2\/media\/10075"}],"wp:attachment":[{"href":"https:\/\/lahora.mx\/index.php\/wp-json\/wp\/v2\/media?parent=10074"}],"wp:term":[{"taxonomy":"category","embeddable":true,"href":"https:\/\/lahora.mx\/index.php\/wp-json\/wp\/v2\/categories?post=10074"},{"taxonomy":"post_tag","embeddable":true,"href":"https:\/\/lahora.mx\/index.php\/wp-json\/wp\/v2\/tags?post=10074"}],"curies":[{"name":"wp","href":"https:\/\/api.w.org\/{rel}","templated":true}]}}