{"id":10068,"date":"2022-07-16T01:35:30","date_gmt":"2022-07-16T01:35:30","guid":{"rendered":"http:\/\/lahora.mx\/?p=10068"},"modified":"2022-07-16T01:35:30","modified_gmt":"2022-07-16T01:35:30","slug":"tras-la-caida-de-helicoptero-de-marina-en-sinaloa-se-reportan-14-muertos","status":"publish","type":"post","link":"https:\/\/lahora.mx\/index.php\/2022\/07\/16\/tras-la-caida-de-helicoptero-de-marina-en-sinaloa-se-reportan-14-muertos\/","title":{"rendered":"Tras la ca\u00edda de helic\u00f3ptero de Marina en Sinaloa se reportan 14 muertos"},"content":{"rendered":"\n<p>Un helic\u00f3ptero tipo Black Hawk, de fabricaci\u00f3n estadounidense, de la Marina Armada se desplom\u00f3 este viernes en inmediaciones de Los Mochis, Sinaloa, con saldo de 14 fallecidos hasta el momento, inform\u00f3 la dependencia al mando del almirante Jos\u00e9 Rafael Ojeda Dur\u00e1n.<\/p>\n\n\n\n<p>Una persona m\u00e1s se encuentra recibiendo atenci\u00f3n m\u00e9dica, a\u00f1adi\u00f3. El primer informe reportaba 9 v\u00edctimas mortales.<br>Asegur\u00f3 que no hay evidencia de que la aeronave haya sido derribada por el operativo que llev\u00f3 a la recaptura de Rafael Caro Quintero en la entidad, ni que este haya estado a bordo.<\/p>\n","protected":false},"excerpt":{"rendered":"<p>Un helic\u00f3ptero tipo Black Hawk, de fabricaci\u00f3n estadounidense, de la Marina Armada se desplom\u00f3 este viernes en inmediaciones de Los Mochis, Sinaloa, con saldo de 14 fallecidos hasta el momento, inform\u00f3 la dependencia al mando del almirante Jos\u00e9 Rafael Ojeda Dur\u00e1n. Una persona m\u00e1s se encuentra recibiendo atenci\u00f3n m\u00e9dica, a\u00f1adi\u00f3. El primer informe reportaba 9 [&hellip;]<\/p>\n","protected":false},"author":4,"featured_media":10069,"comment_status":"open","ping_status":"open","sticky":false,"template":"","format":"standard","meta":{"om_disable_all_campaigns":false,"_monsterinsights_skip_tracking":false,"_monsterinsights_sitenote_active":false,"_monsterinsights_sitenote_note":"","_monsterinsights_sitenote_category":0,"footnotes":""},"categories":[176],"tags":[],"class_list":["post-10068","post","type-post","status-publish","format-standard","has-post-thumbnail","hentry","category-nacional"],"amp_enabled":true,"_links":{"self":[{"href":"https:\/\/lahora.mx\/index.php\/wp-json\/wp\/v2\/posts\/10068","targetHints":{"allow":["GET"]}}],"collection":[{"href":"https:\/\/lahora.mx\/index.php\/wp-json\/wp\/v2\/posts"}],"about":[{"href":"https:\/\/lahora.mx\/index.php\/wp-json\/wp\/v2\/types\/post"}],"author":[{"embeddable":true,"href":"https:\/\/lahora.mx\/index.php\/wp-json\/wp\/v2\/users\/4"}],"replies":[{"embeddable":true,"href":"https:\/\/lahora.mx\/index.php\/wp-json\/wp\/v2\/comments?post=10068"}],"version-history":[{"count":1,"href":"https:\/\/lahora.mx\/index.php\/wp-json\/wp\/v2\/posts\/10068\/revisions"}],"predecessor-version":[{"id":10070,"href":"https:\/\/lahora.mx\/index.php\/wp-json\/wp\/v2\/posts\/10068\/revisions\/10070"}],"wp:featuredmedia":[{"embeddable":true,"href":"https:\/\/lahora.mx\/index.php\/wp-json\/wp\/v2\/media\/10069"}],"wp:attachment":[{"href":"https:\/\/lahora.mx\/index.php\/wp-json\/wp\/v2\/media?parent=10068"}],"wp:term":[{"taxonomy":"category","embeddable":true,"href":"https:\/\/lahora.mx\/index.php\/wp-json\/wp\/v2\/categories?post=10068"},{"taxonomy":"post_tag","embeddable":true,"href":"https:\/\/lahora.mx\/index.php\/wp-json\/wp\/v2\/tags?post=10068"}],"curies":[{"name":"wp","href":"https:\/\/api.w.org\/{rel}","templated":true}]}}