{"id":10062,"date":"2022-07-16T01:30:55","date_gmt":"2022-07-16T01:30:55","guid":{"rendered":"http:\/\/lahora.mx\/?p=10062"},"modified":"2022-07-16T01:30:56","modified_gmt":"2022-07-16T01:30:56","slug":"nuevos-parklets-en-puebla-a-partir-de-septiembre-por-ayuntamiento-de-puebla","status":"publish","type":"post","link":"https:\/\/lahora.mx\/index.php\/2022\/07\/16\/nuevos-parklets-en-puebla-a-partir-de-septiembre-por-ayuntamiento-de-puebla\/","title":{"rendered":"Nuevos parklets en Puebla a partir de septiembre por ayuntamiento de Puebla"},"content":{"rendered":"\n<p>El ayuntamiento de Puebla comenzar\u00e1 en septiembre la instalaci\u00f3n de diez nuevos parklets en zonas comerciales, adelant\u00f3 la titular de la Gerencia del Centro Hist\u00f3rico y Patrimonio Cultural del municipio, Berenice Vidal Castel\u00e1n.<\/p>\n\n\n\n<p>En entrevista explic\u00f3 que el proyecto se realiza en conjunto con la Subsecretar\u00eda de Movilidad, pues tendr\u00e1n que dar mantenimiento a los que ya est\u00e1n instalados en los diferentes puntos de la ciudad.<\/p>\n\n\n\n<p>\u201cMuchos establecimientos piden un parklets porque es una manera que ellos pueden extender su negocio y, al mismo tiempo, las personas las puedan disfrutar porque est\u00e1n al aire libre. La Subsecretaria de Movilidad est\u00e1 analizando cu\u00e1les ser\u00e1n los materiales m\u00e1s adecuados o qu\u00e9 mejoras se pudieran hacer a este mobiliario\u201d, refiri\u00f3.<br>Vidal Castel\u00e1n se\u00f1al\u00f3 que antes de que concluya el a\u00f1o tendr\u00e1n que estar instalados, pues esta estrategia busca que la ciudadan\u00eda tenga m\u00e1s espacio de convivencia al aire libre.<\/p>\n\n\n\n<p>En enero del 2021 la administraci\u00f3n de Claudia Rivera Vivanco instal\u00f3 seis parklets, en las calles 3 y 5 oriente, as\u00ed como la 4 sur, los cuales formaron parte del proyecto de remodelaci\u00f3n del Barrio de los Sapos, que tuvo una inversi\u00f3n de 2 millones 240 mil pesos.<\/p>\n\n\n\n<p>En una segunda etapa, en junio del 2021, se instalaron 11 m\u00e1s en el Centro Hist\u00f3rico, El Carmen, Huexotitla y La Paz, con una inversi\u00f3n de 1 mill\u00f3n 987 mil 500 pesos.<\/p>\n\n\n\n<p>En otro punto, Vidal Castel\u00e1n indic\u00f3 que contin\u00faan trabajando con las empresas de Telmex, Totalplay, Megacable, y Axtel para el reordenamiento del cableado en el Centro Hist\u00f3rico.<\/p>\n\n\n\n<p>Dijo que actualmente trabajan en la zona de El Carmen y el Barrio de Santiago, pues son los pol\u00edgonos donde existe m\u00e1s cable muerto en los postes de la v\u00eda p\u00fablica.<\/p>\n\n\n\n<p>\u201cEl primer paso es el retiro del todo cable muerto que llevaba a\u00f1os, que segu\u00eda colgado y representa un tema complejo para la misma seguridad, por el peso que representa, y de ah\u00ed estamos haciendo el encinchado. Es un trabajo que nos tomar\u00e1 varios meses y seguiremos laborando con la iniciativa privada\u201d, expuso.<\/p>\n","protected":false},"excerpt":{"rendered":"<p>El ayuntamiento de Puebla comenzar\u00e1 en septiembre la instalaci\u00f3n de diez nuevos parklets en zonas comerciales, adelant\u00f3 la titular de la Gerencia del Centro Hist\u00f3rico y Patrimonio Cultural del municipio, Berenice Vidal Castel\u00e1n. En entrevista explic\u00f3 que el proyecto se realiza en conjunto con la Subsecretar\u00eda de Movilidad, pues tendr\u00e1n que dar mantenimiento a los [&hellip;]<\/p>\n","protected":false},"author":4,"featured_media":10063,"comment_status":"open","ping_status":"open","sticky":false,"template":"","format":"standard","meta":{"om_disable_all_campaigns":false,"_monsterinsights_skip_tracking":false,"_monsterinsights_sitenote_active":false,"_monsterinsights_sitenote_note":"","_monsterinsights_sitenote_category":0,"footnotes":""},"categories":[175],"tags":[223],"class_list":["post-10062","post","type-post","status-publish","format-standard","has-post-thumbnail","hentry","category-local","tag-puebla"],"amp_enabled":true,"_links":{"self":[{"href":"https:\/\/lahora.mx\/index.php\/wp-json\/wp\/v2\/posts\/10062","targetHints":{"allow":["GET"]}}],"collection":[{"href":"https:\/\/lahora.mx\/index.php\/wp-json\/wp\/v2\/posts"}],"about":[{"href":"https:\/\/lahora.mx\/index.php\/wp-json\/wp\/v2\/types\/post"}],"author":[{"embeddable":true,"href":"https:\/\/lahora.mx\/index.php\/wp-json\/wp\/v2\/users\/4"}],"replies":[{"embeddable":true,"href":"https:\/\/lahora.mx\/index.php\/wp-json\/wp\/v2\/comments?post=10062"}],"version-history":[{"count":1,"href":"https:\/\/lahora.mx\/index.php\/wp-json\/wp\/v2\/posts\/10062\/revisions"}],"predecessor-version":[{"id":10064,"href":"https:\/\/lahora.mx\/index.php\/wp-json\/wp\/v2\/posts\/10062\/revisions\/10064"}],"wp:featuredmedia":[{"embeddable":true,"href":"https:\/\/lahora.mx\/index.php\/wp-json\/wp\/v2\/media\/10063"}],"wp:attachment":[{"href":"https:\/\/lahora.mx\/index.php\/wp-json\/wp\/v2\/media?parent=10062"}],"wp:term":[{"taxonomy":"category","embeddable":true,"href":"https:\/\/lahora.mx\/index.php\/wp-json\/wp\/v2\/categories?post=10062"},{"taxonomy":"post_tag","embeddable":true,"href":"https:\/\/lahora.mx\/index.php\/wp-json\/wp\/v2\/tags?post=10062"}],"curies":[{"name":"wp","href":"https:\/\/api.w.org\/{rel}","templated":true}]}}