{"id":10059,"date":"2022-07-16T01:27:19","date_gmt":"2022-07-16T01:27:19","guid":{"rendered":"http:\/\/lahora.mx\/?p=10059"},"modified":"2022-07-16T01:27:19","modified_gmt":"2022-07-16T01:27:19","slug":"agua-de-puebla-se-compromete-a-invertir-2-mil-200-mdp-en-mejoras","status":"publish","type":"post","link":"https:\/\/lahora.mx\/index.php\/2022\/07\/16\/agua-de-puebla-se-compromete-a-invertir-2-mil-200-mdp-en-mejoras\/","title":{"rendered":"Agua de Puebla se compromete a invertir 2 mil 200 mdp en mejoras"},"content":{"rendered":"\n<p>Agua de Puebla para Todos se comprometi\u00f3 a invertir 2 mil 200 millones de pesos para modernizar el servicio de agua potable y a dar apoyo a la poblaci\u00f3n vulnerable a trav\u00e9s de la condonaci\u00f3n de adeudos.<\/p>\n\n\n\n<p>Luego de que el Congreso del estado avalara la iniciativa de aumentar las tarifas de agua potable para la ciudad de Puebla y municipios de la zona conurbada, la concesionaria se\u00f1al\u00f3 que \u201capoyar\u00e1 con descuentos espec\u00edficos a los usuarios en condiciones de vulnerabilidad como adultos mayores, personas con discapacidad, viudas y enfermos terminales, quienes representan hoy cerca del 10% de los usuarios\u201d.<\/p>\n\n\n\n<p>A trav\u00e9s de un comunicado de prensa, Agua de Puebla se comprometi\u00f3 a una inversi\u00f3n de 2 mil 200 millones de pesos para continuar con la modernizaci\u00f3n de la infraestructura del sistema de agua para garantizar el abasto, as\u00ed como a colaborar con el SOAPAP para que se lleve a cabo el saneamiento y mantenimiento correspondiente que aumentar\u00e1 la calidad del agua que reciben los usuarios.<br>Anunci\u00f3 que intensificar\u00e1 las supervisiones y denuncias ante las autoridades contra empresas o ciudadanos que desperdicien agua, dispongan residuos y contaminen los r\u00edos de la ciudad de Puebla.<\/p>\n\n\n\n<p>Finalmente, el comunicado -firmado por el director general de Agua de Puebla, Mtro. H\u00e9ctor Octavio Dur\u00e1n D\u00edaz- establece que la empresa \u201creitera su compromiso con sus usuarios para continuar trabajando en la ampliaci\u00f3n y mejora de sus fuentes de abastecimiento, siempre en beneficio de cada hogar que se encuentra en la zona de cobertura\u201d.<\/p>\n","protected":false},"excerpt":{"rendered":"<p>Agua de Puebla para Todos se comprometi\u00f3 a invertir 2 mil 200 millones de pesos para modernizar el servicio de agua potable y a dar apoyo a la poblaci\u00f3n vulnerable a trav\u00e9s de la condonaci\u00f3n de adeudos. Luego de que el Congreso del estado avalara la iniciativa de aumentar las tarifas de agua potable para [&hellip;]<\/p>\n","protected":false},"author":4,"featured_media":10060,"comment_status":"open","ping_status":"open","sticky":false,"template":"","format":"standard","meta":{"om_disable_all_campaigns":false,"_monsterinsights_skip_tracking":false,"_monsterinsights_sitenote_active":false,"_monsterinsights_sitenote_note":"","_monsterinsights_sitenote_category":0,"footnotes":""},"categories":[175],"tags":[],"class_list":["post-10059","post","type-post","status-publish","format-standard","has-post-thumbnail","hentry","category-local"],"amp_enabled":true,"_links":{"self":[{"href":"https:\/\/lahora.mx\/index.php\/wp-json\/wp\/v2\/posts\/10059","targetHints":{"allow":["GET"]}}],"collection":[{"href":"https:\/\/lahora.mx\/index.php\/wp-json\/wp\/v2\/posts"}],"about":[{"href":"https:\/\/lahora.mx\/index.php\/wp-json\/wp\/v2\/types\/post"}],"author":[{"embeddable":true,"href":"https:\/\/lahora.mx\/index.php\/wp-json\/wp\/v2\/users\/4"}],"replies":[{"embeddable":true,"href":"https:\/\/lahora.mx\/index.php\/wp-json\/wp\/v2\/comments?post=10059"}],"version-history":[{"count":1,"href":"https:\/\/lahora.mx\/index.php\/wp-json\/wp\/v2\/posts\/10059\/revisions"}],"predecessor-version":[{"id":10061,"href":"https:\/\/lahora.mx\/index.php\/wp-json\/wp\/v2\/posts\/10059\/revisions\/10061"}],"wp:featuredmedia":[{"embeddable":true,"href":"https:\/\/lahora.mx\/index.php\/wp-json\/wp\/v2\/media\/10060"}],"wp:attachment":[{"href":"https:\/\/lahora.mx\/index.php\/wp-json\/wp\/v2\/media?parent=10059"}],"wp:term":[{"taxonomy":"category","embeddable":true,"href":"https:\/\/lahora.mx\/index.php\/wp-json\/wp\/v2\/categories?post=10059"},{"taxonomy":"post_tag","embeddable":true,"href":"https:\/\/lahora.mx\/index.php\/wp-json\/wp\/v2\/tags?post=10059"}],"curies":[{"name":"wp","href":"https:\/\/api.w.org\/{rel}","templated":true}]}}