{"id":10053,"date":"2022-07-15T22:14:51","date_gmt":"2022-07-15T22:14:51","guid":{"rendered":"http:\/\/lahora.mx\/?p=10053"},"modified":"2022-07-15T22:14:52","modified_gmt":"2022-07-15T22:14:52","slug":"choix-sinaloa-lugar-donde-la-marina-detuvo-a-caro-quintero","status":"publish","type":"post","link":"https:\/\/lahora.mx\/index.php\/2022\/07\/15\/choix-sinaloa-lugar-donde-la-marina-detuvo-a-caro-quintero\/","title":{"rendered":"Choix, Sinaloa, lugar donde la Marina detuvo a Caro Quintero"},"content":{"rendered":"\n<p>El narco mexicano Rafael Caro Quintero fue detenido durante un operativo de la Marina en las inmediaciones de la comunidad de San Sim\u00f3n del municipio de Choix, Sinaloa, en donde se le cumplimient\u00f3 una orden de aprehensi\u00f3n con fines de extradici\u00f3n, indicaron fuentes federales.<\/p>\n\n\n\n<p>En un primer momento, las fuentes indicaron que la detenci\u00f3n hab\u00eda sido en Guachochi, Chihuahua, pero precisaron m\u00e1s tarde que la ubicaci\u00f3n de la detenci\u00f3n se realiz\u00f3 en Sinaloa.<\/p>\n\n\n\n<p>Se\u00f1alaron que se escond\u00eda en la zona serrana de Sinaloa, Chihuahua y Durango, denominada Tri\u00e1ngulo Dorado.<\/p>\n\n\n\n<p>En 2013, un tribunal federal orden\u00f3 la liberaci\u00f3n de Rafael Caro Quintero, tras permanecer 28 a\u00f1os en prisi\u00f3n por narcotr\u00e1fico.<\/p>\n\n\n\n<p>Posteriormente, las autoridades mexicanos lo consideraron pr\u00f3fugo de la justicia, tiempo en que retom\u00f3 sus actividades en el tr\u00e1fico de drogas.<\/p>\n\n\n\n<p>Reportan detenci\u00f3n de Rafael Caro Quintero<br>El gobierno estadounidense ofrec\u00eda una recompensa de 20 millones de d\u00f3lares por el capo sinaloense, acusado del asesinato del agente de la DEA, Enrique Camarena, en 1985, y por los delitos de secuestro, posesi\u00f3n con intenci\u00f3n de distribuir marihuana y coca\u00edna.<\/p>\n\n\n\n<p>La Administraci\u00f3n para el Control de Drogas (DEA, por sus siglas en ingl\u00e9s) lo coloc\u00f3 en noviembre del a\u00f1o pasado en el primer lugar de la lista de los diez fugitivos m\u00e1s buscados.<\/p>\n\n\n\n<p>Seg\u00fan autoridades mexicanas, Caro Quintero disputaba el liderazgo del c\u00e1rtel de Sinaloa a los hijos de Joaqu\u00edn \u201cEl Chapo\u201d Guzm\u00e1n, y a Ismael \u201cEl Mayo\u201d Zambada.<\/p>\n","protected":false},"excerpt":{"rendered":"<p>El narco mexicano Rafael Caro Quintero fue detenido durante un operativo de la Marina en las inmediaciones de la comunidad de San Sim\u00f3n del municipio de Choix, Sinaloa, en donde se le cumplimient\u00f3 una orden de aprehensi\u00f3n con fines de extradici\u00f3n, indicaron fuentes federales. En un primer momento, las fuentes indicaron que la detenci\u00f3n hab\u00eda [&hellip;]<\/p>\n","protected":false},"author":4,"featured_media":10054,"comment_status":"open","ping_status":"open","sticky":false,"template":"","format":"standard","meta":{"om_disable_all_campaigns":false,"_monsterinsights_skip_tracking":false,"_monsterinsights_sitenote_active":false,"_monsterinsights_sitenote_note":"","_monsterinsights_sitenote_category":0,"footnotes":""},"categories":[176],"tags":[],"class_list":["post-10053","post","type-post","status-publish","format-standard","has-post-thumbnail","hentry","category-nacional"],"amp_enabled":true,"_links":{"self":[{"href":"https:\/\/lahora.mx\/index.php\/wp-json\/wp\/v2\/posts\/10053","targetHints":{"allow":["GET"]}}],"collection":[{"href":"https:\/\/lahora.mx\/index.php\/wp-json\/wp\/v2\/posts"}],"about":[{"href":"https:\/\/lahora.mx\/index.php\/wp-json\/wp\/v2\/types\/post"}],"author":[{"embeddable":true,"href":"https:\/\/lahora.mx\/index.php\/wp-json\/wp\/v2\/users\/4"}],"replies":[{"embeddable":true,"href":"https:\/\/lahora.mx\/index.php\/wp-json\/wp\/v2\/comments?post=10053"}],"version-history":[{"count":1,"href":"https:\/\/lahora.mx\/index.php\/wp-json\/wp\/v2\/posts\/10053\/revisions"}],"predecessor-version":[{"id":10055,"href":"https:\/\/lahora.mx\/index.php\/wp-json\/wp\/v2\/posts\/10053\/revisions\/10055"}],"wp:featuredmedia":[{"embeddable":true,"href":"https:\/\/lahora.mx\/index.php\/wp-json\/wp\/v2\/media\/10054"}],"wp:attachment":[{"href":"https:\/\/lahora.mx\/index.php\/wp-json\/wp\/v2\/media?parent=10053"}],"wp:term":[{"taxonomy":"category","embeddable":true,"href":"https:\/\/lahora.mx\/index.php\/wp-json\/wp\/v2\/categories?post=10053"},{"taxonomy":"post_tag","embeddable":true,"href":"https:\/\/lahora.mx\/index.php\/wp-json\/wp\/v2\/tags?post=10053"}],"curies":[{"name":"wp","href":"https:\/\/api.w.org\/{rel}","templated":true}]}}