{"id":1004,"date":"2021-12-28T17:00:17","date_gmt":"2021-12-28T17:00:17","guid":{"rendered":"http:\/\/lahora.mx\/?p=1004"},"modified":"2021-12-28T17:00:17","modified_gmt":"2021-12-28T17:00:17","slug":"cuarta-ola-de-covid-19-en-mexico-como-seria-esto-dijo-lopez-gatell","status":"publish","type":"post","link":"https:\/\/lahora.mx\/index.php\/2021\/12\/28\/cuarta-ola-de-covid-19-en-mexico-como-seria-esto-dijo-lopez-gatell\/","title":{"rendered":"\u00bfcuarta ola de COVID-19 en M\u00e9xico? \u00bfC\u00f3mo seria? esto dijo L\u00f3pez Gatell"},"content":{"rendered":"<p>Aunque la nueva variante de COVID-19, \u00f3micron, sea m\u00e1s transmisible y tenga el potencial de provocar una cuarta ola de contagios, las hospitalizaciones no aumentar\u00e1n significativamente gracias a la vacunaci\u00f3n, coment\u00f3 el su secretario de Salud, Hugo L\u00f3pez Gatell.<\/p>\n<p class=\"body-paragraph \">\u201cPuede haber una cuarta ola, esto lo hemos dicho desde octubre, esta cuarta ola podr\u00eda ser a expensas de la variante predominante o de la variante \u00f3micron, si se presentara esa cuarta ola podr\u00edamos ver una mayor cantidad de casos pero menos hospitalizaciones por el efecto de la vacunaci\u00f3n asegur\u00f3.<br \/>\nL\u00f3pez-Gatell se\u00f1al\u00f3 que la vacunaci\u00f3n ofrece protecci\u00f3n contra el coronavirus y sus variantes identificadas, por lo que contin\u00faa siendo la principal medida de prevenci\u00f3n.<\/p>\n<p class=\"body-paragraph \">\u00d3micron es una variante que es m\u00e1s transmisible pero produce menos enfermedad grave, la proporci\u00f3n de personas graves es sustancialmente menor, la inmunidad inducida por vacunaci\u00f3n, sigue siendo mayormente eficaz y efectiva para impedir el contagio con \u00f3micron, con frecuencia se sobreestima la participaci\u00f3n de la variante\u201d, expuso.<\/p>\n<p class=\"body-paragraph \">La Organizaci\u00f3n Mundial de la Salud (OMS) a\u00fan no ha confirmado que la gravedad de \u00f3micron sea mayor que la variante delta. Incluso el principal epidemi\u00f3logo del gobierno de Estados Unidos, Anthony Fauci explic\u00f3 que hasta ahora, los indicadores sugieren que sus efectos son menores.<br \/>\nHasta el momento se han registrado 32 casos con la nueva variante en M\u00e9xico. Gatell explic\u00f3 que los contagios con la nueva cepa seguir\u00e1n aumentando mientras la pandemia siga activa en el mundo.<\/p>\n","protected":false},"excerpt":{"rendered":"<p>Aunque la nueva variante de COVID-19, \u00f3micron, sea m\u00e1s transmisible y tenga el potencial de provocar una cuarta ola de contagios, las hospitalizaciones no aumentar\u00e1n significativamente gracias a la vacunaci\u00f3n, coment\u00f3 el su secretario de Salud, Hugo L\u00f3pez Gatell. \u201cPuede haber una cuarta ola, esto lo hemos dicho desde octubre, esta cuarta ola podr\u00eda ser [&hellip;]<\/p>\n","protected":false},"author":4,"featured_media":1005,"comment_status":"open","ping_status":"open","sticky":false,"template":"","format":"standard","meta":{"om_disable_all_campaigns":false,"_monsterinsights_skip_tracking":false,"_monsterinsights_sitenote_active":false,"_monsterinsights_sitenote_note":"","_monsterinsights_sitenote_category":0,"footnotes":""},"categories":[176],"tags":[],"class_list":["post-1004","post","type-post","status-publish","format-standard","has-post-thumbnail","hentry","category-nacional"],"amp_enabled":true,"_links":{"self":[{"href":"https:\/\/lahora.mx\/index.php\/wp-json\/wp\/v2\/posts\/1004","targetHints":{"allow":["GET"]}}],"collection":[{"href":"https:\/\/lahora.mx\/index.php\/wp-json\/wp\/v2\/posts"}],"about":[{"href":"https:\/\/lahora.mx\/index.php\/wp-json\/wp\/v2\/types\/post"}],"author":[{"embeddable":true,"href":"https:\/\/lahora.mx\/index.php\/wp-json\/wp\/v2\/users\/4"}],"replies":[{"embeddable":true,"href":"https:\/\/lahora.mx\/index.php\/wp-json\/wp\/v2\/comments?post=1004"}],"version-history":[{"count":1,"href":"https:\/\/lahora.mx\/index.php\/wp-json\/wp\/v2\/posts\/1004\/revisions"}],"predecessor-version":[{"id":1006,"href":"https:\/\/lahora.mx\/index.php\/wp-json\/wp\/v2\/posts\/1004\/revisions\/1006"}],"wp:featuredmedia":[{"embeddable":true,"href":"https:\/\/lahora.mx\/index.php\/wp-json\/wp\/v2\/media\/1005"}],"wp:attachment":[{"href":"https:\/\/lahora.mx\/index.php\/wp-json\/wp\/v2\/media?parent=1004"}],"wp:term":[{"taxonomy":"category","embeddable":true,"href":"https:\/\/lahora.mx\/index.php\/wp-json\/wp\/v2\/categories?post=1004"},{"taxonomy":"post_tag","embeddable":true,"href":"https:\/\/lahora.mx\/index.php\/wp-json\/wp\/v2\/tags?post=1004"}],"curies":[{"name":"wp","href":"https:\/\/api.w.org\/{rel}","templated":true}]}}