{"id":10035,"date":"2022-07-15T18:23:15","date_gmt":"2022-07-15T18:23:15","guid":{"rendered":"http:\/\/lahora.mx\/?p=10035"},"modified":"2022-07-15T18:23:16","modified_gmt":"2022-07-15T18:23:16","slug":"critica-amlo-que-se-hayan-prestado-armas-a-estudiantes-de-guanajuato","status":"publish","type":"post","link":"https:\/\/lahora.mx\/index.php\/2022\/07\/15\/critica-amlo-que-se-hayan-prestado-armas-a-estudiantes-de-guanajuato\/","title":{"rendered":"Critica AMLO que se hayan prestado armas a estudiantes de Guanajuato"},"content":{"rendered":"\n<p>El Presidente Andr\u00e9s Manuel L\u00f3pez Obrador se pronunci\u00f3 en contra del programa Planet Youth, presentado en el municipio de Pur\u00edsima del Rinc\u00f3n, Guanajuato, donde polic\u00edas ense\u00f1aron a alumnos de una secundaria t\u00e9cnica a maniobrar armas, incluso algunas de grueso calibre.<\/p>\n\n\n\n<p>En una muy escueta declaraci\u00f3n, el Presidente conden\u00f3 esas acciones y pidi\u00f3 que no se copien las medidas que adoptan otros pa\u00edses.<\/p>\n\n\n\n<p>\u201cNo estoy de acuerdo en eso, no estoy de acuerdo, eso lo hacen en otros nosotros no debemos de copiar eso\u201d, dijo el mandatario.<br>Organizaciones sociales como Red por los Derechos de la Infancia en M\u00e9xico (Redim), el Centro de Derechos Humanos Victoria D\u00edez y Tejiendo Redes Infancia Am\u00e9rica Latina y el Caribe, criticaron la medida que \u2013se dijo- busca concientizar a los j\u00f3venes sobre prevenci\u00f3n de las adicciones y la violencia.<\/p>\n\n\n\n<p>\u201cEliminar la violencia de la vida cotidiana de las infancias es una tarea lo suficientemente dif\u00edcil como para que, adem\u00e1s, sean las autoridades de seguridad p\u00fablica quienes acerquen las armas de fuero a la ni\u00f1ez y adolescencia\u201d, manifestaron las organizaciones en un comunicado.<\/p>\n\n\n\n<p>Por otra parte, el Presidente se neg\u00f3 a hablar sobre los detenidos luego de un enfrentamiento con la polic\u00eda de la Ciudad de M\u00e9xico y que supuestamente pertenecen al C\u00e1rtel de Sinaloa, es un asunto que se dej\u00f3 en manos de las autoridades capitalinas.<\/p>\n\n\n\n<p>\u201c\u00bfYa le informaron sobre los detenidos en Topilejo? Todav\u00eda, es probable que ya informe el gobierno, se lo dejamos al gobierno de la ciudad\u201d, fue la respuesta del mandatario.<\/p>\n","protected":false},"excerpt":{"rendered":"<p>El Presidente Andr\u00e9s Manuel L\u00f3pez Obrador se pronunci\u00f3 en contra del programa Planet Youth, presentado en el municipio de Pur\u00edsima del Rinc\u00f3n, Guanajuato, donde polic\u00edas ense\u00f1aron a alumnos de una secundaria t\u00e9cnica a maniobrar armas, incluso algunas de grueso calibre. En una muy escueta declaraci\u00f3n, el Presidente conden\u00f3 esas acciones y pidi\u00f3 que no se [&hellip;]<\/p>\n","protected":false},"author":4,"featured_media":10036,"comment_status":"open","ping_status":"open","sticky":false,"template":"","format":"standard","meta":{"om_disable_all_campaigns":false,"_monsterinsights_skip_tracking":false,"_monsterinsights_sitenote_active":false,"_monsterinsights_sitenote_note":"","_monsterinsights_sitenote_category":0,"footnotes":""},"categories":[176],"tags":[],"class_list":["post-10035","post","type-post","status-publish","format-standard","has-post-thumbnail","hentry","category-nacional"],"amp_enabled":true,"_links":{"self":[{"href":"https:\/\/lahora.mx\/index.php\/wp-json\/wp\/v2\/posts\/10035","targetHints":{"allow":["GET"]}}],"collection":[{"href":"https:\/\/lahora.mx\/index.php\/wp-json\/wp\/v2\/posts"}],"about":[{"href":"https:\/\/lahora.mx\/index.php\/wp-json\/wp\/v2\/types\/post"}],"author":[{"embeddable":true,"href":"https:\/\/lahora.mx\/index.php\/wp-json\/wp\/v2\/users\/4"}],"replies":[{"embeddable":true,"href":"https:\/\/lahora.mx\/index.php\/wp-json\/wp\/v2\/comments?post=10035"}],"version-history":[{"count":1,"href":"https:\/\/lahora.mx\/index.php\/wp-json\/wp\/v2\/posts\/10035\/revisions"}],"predecessor-version":[{"id":10037,"href":"https:\/\/lahora.mx\/index.php\/wp-json\/wp\/v2\/posts\/10035\/revisions\/10037"}],"wp:featuredmedia":[{"embeddable":true,"href":"https:\/\/lahora.mx\/index.php\/wp-json\/wp\/v2\/media\/10036"}],"wp:attachment":[{"href":"https:\/\/lahora.mx\/index.php\/wp-json\/wp\/v2\/media?parent=10035"}],"wp:term":[{"taxonomy":"category","embeddable":true,"href":"https:\/\/lahora.mx\/index.php\/wp-json\/wp\/v2\/categories?post=10035"},{"taxonomy":"post_tag","embeddable":true,"href":"https:\/\/lahora.mx\/index.php\/wp-json\/wp\/v2\/tags?post=10035"}],"curies":[{"name":"wp","href":"https:\/\/api.w.org\/{rel}","templated":true}]}}