{"id":10032,"date":"2022-07-15T18:21:48","date_gmt":"2022-07-15T18:21:48","guid":{"rendered":"http:\/\/lahora.mx\/?p=10032"},"modified":"2022-07-15T18:21:49","modified_gmt":"2022-07-15T18:21:49","slug":"se-forma-depresion-tropical-seis-e-que-afectara-desde-hoy-a-3-estados","status":"publish","type":"post","link":"https:\/\/lahora.mx\/index.php\/2022\/07\/15\/se-forma-depresion-tropical-seis-e-que-afectara-desde-hoy-a-3-estados\/","title":{"rendered":"Se forma Depresi\u00f3n Tropical Seis-E que afectar\u00e1 desde hoy a 3 estados"},"content":{"rendered":"\n<p>Un nuevo fen\u00f3meno climatol\u00f3gico afectar\u00e1 M\u00e9xico: se trata de la Depresi\u00f3n Tropical Seis-E que se form\u00f3 este viernes al sur de Guerrero, inform\u00f3 el Servicio Meteorol\u00f3gico Nacional (SMN).<\/p>\n\n\n\n<p>La dependencia explic\u00f3 que el meteoro, formado a las 10:00 horas de este viernes, se encuentra por ahora a 555 kil\u00f3metros al sur de Acapulco.<br>Las bandas nubosas de la Depresi\u00f3n Tropical Seis-E generar\u00e1n precipitaciones intensas (de 75 a 150 mil\u00edmetros) en Michoac\u00e1n, Guerrero y Oaxaca, adem\u00e1s de un oleaje de 2 a 4 metros en las costas guerrerenses y oaxaque\u00f1as, advirti\u00f3 el SMN.<\/p>\n\n\n\n<p>La depresi\u00f3n presenta vientos m\u00e1ximos sostenidos de 55 kil\u00f3metros por hora, con rachas que alcanzan los 75 kil\u00f3metros por hora.<\/p>\n\n\n\n<p>Ola de calor \u2018hace de las suyas\u2019: Incendios forestales arrasan bosques en Europa<br>Bomberos controlando un incendio forestal cerca de Landiras, en el suroeste de Francia.<br>Esta es la trayectoria de la Depresi\u00f3n Tropical Seis-E<br>De acuerdo con las previsiones del Servicio, este fen\u00f3meno tampoco tocar\u00e1 las costas mexicanas, aunque s\u00ed se desplazar\u00e1 de forma paralela a ellas.<\/p>\n\n\n\n<p>Se proyecta que el meteoro aumente su intensidad y se convierta en tormenta tropical durante la tarde de este mismo viernes, nivel que mantendr\u00e1 hasta el pr\u00f3ximo domingo 17 de julio cuando pase a hurac\u00e1n categor\u00eda 1.<\/p>\n\n\n\n<p>El SMN prev\u00e9 que el fen\u00f3meno alcance incluso la categor\u00eda 2 durante el transcurso del pr\u00f3ximo lunes 18 de julio.<\/p>\n\n\n\n<p>Por ahora, la Depresi\u00f3n Tropical Seis-E se desplaza hacia el oeste-noroeste, con una velocidad de 13 kil\u00f3metros por hora.<\/p>\n\n\n\n<p>Guerrero, en alerta por el mar de fondo<br>La Secretar\u00eda de Protecci\u00f3n Civil estatal emiti\u00f3 un aviso preventivo para autoridades de los municipios costeros, prestadores de servicios tur\u00edsticos y poblaci\u00f3n en general, a efecto de que se extremen las medidas de precauci\u00f3n necesarias en zonas de playa para prevenir accidentes por el mar de fondo.<\/p>\n\n\n\n<p>Al respecto, la Secretar\u00eda de Marina Armada de M\u00e9xico informo que dicho fen\u00f3meno mar\u00edtimo afectar\u00e1 la costa del Pac\u00edfico Mexicano a partir de la noche del jueves 14 de julio, desde la costa de Chiapas hasta la costa sur de la Pen\u00ednsula de Baja California, incluyendo al estado de Guerrero.<\/p>\n","protected":false},"excerpt":{"rendered":"<p>Un nuevo fen\u00f3meno climatol\u00f3gico afectar\u00e1 M\u00e9xico: se trata de la Depresi\u00f3n Tropical Seis-E que se form\u00f3 este viernes al sur de Guerrero, inform\u00f3 el Servicio Meteorol\u00f3gico Nacional (SMN). La dependencia explic\u00f3 que el meteoro, formado a las 10:00 horas de este viernes, se encuentra por ahora a 555 kil\u00f3metros al sur de Acapulco.Las bandas nubosas [&hellip;]<\/p>\n","protected":false},"author":4,"featured_media":10033,"comment_status":"open","ping_status":"open","sticky":false,"template":"","format":"standard","meta":{"om_disable_all_campaigns":false,"_monsterinsights_skip_tracking":false,"_monsterinsights_sitenote_active":false,"_monsterinsights_sitenote_note":"","_monsterinsights_sitenote_category":0,"footnotes":""},"categories":[176],"tags":[195],"class_list":["post-10032","post","type-post","status-publish","format-standard","has-post-thumbnail","hentry","category-nacional","tag-principal"],"amp_enabled":true,"_links":{"self":[{"href":"https:\/\/lahora.mx\/index.php\/wp-json\/wp\/v2\/posts\/10032","targetHints":{"allow":["GET"]}}],"collection":[{"href":"https:\/\/lahora.mx\/index.php\/wp-json\/wp\/v2\/posts"}],"about":[{"href":"https:\/\/lahora.mx\/index.php\/wp-json\/wp\/v2\/types\/post"}],"author":[{"embeddable":true,"href":"https:\/\/lahora.mx\/index.php\/wp-json\/wp\/v2\/users\/4"}],"replies":[{"embeddable":true,"href":"https:\/\/lahora.mx\/index.php\/wp-json\/wp\/v2\/comments?post=10032"}],"version-history":[{"count":1,"href":"https:\/\/lahora.mx\/index.php\/wp-json\/wp\/v2\/posts\/10032\/revisions"}],"predecessor-version":[{"id":10034,"href":"https:\/\/lahora.mx\/index.php\/wp-json\/wp\/v2\/posts\/10032\/revisions\/10034"}],"wp:featuredmedia":[{"embeddable":true,"href":"https:\/\/lahora.mx\/index.php\/wp-json\/wp\/v2\/media\/10033"}],"wp:attachment":[{"href":"https:\/\/lahora.mx\/index.php\/wp-json\/wp\/v2\/media?parent=10032"}],"wp:term":[{"taxonomy":"category","embeddable":true,"href":"https:\/\/lahora.mx\/index.php\/wp-json\/wp\/v2\/categories?post=10032"},{"taxonomy":"post_tag","embeddable":true,"href":"https:\/\/lahora.mx\/index.php\/wp-json\/wp\/v2\/tags?post=10032"}],"curies":[{"name":"wp","href":"https:\/\/api.w.org\/{rel}","templated":true}]}}